{"id":302191,"date":"2024-05-22T11:38:29","date_gmt":"2024-05-22T08:38:29","guid":{"rendered":"https:\/\/sana.sy\/tr\/?p=302191"},"modified":"2024-05-26T11:25:13","modified_gmt":"2024-05-26T08:25:13","slug":"israilin-gazzeye-yonelik-saldirganliginin-229uncu-gununde-onlarca-filistinli-sehit-dustu-ve-yaralandi","status":"publish","type":"post","link":"https:\/\/archive.sana.sy\/tr\/?p=302191","title":{"rendered":"\u0130srail&#8217;in Gazze&#8217;ye Y\u00f6nelik Sald\u0131rganl\u0131\u011f\u0131n\u0131n 229&#8217;uncu G\u00fcn\u00fcnde Onlarca Filistinli \u015eehit D\u00fc\u015ft\u00fc Ve Yaraland\u0131"},"content":{"rendered":"<p style=\"text-align: justify;\"><strong>\u0130\u015eGAL ED\u0130LEN KUD\u00dcS (SANA) \u2013<\/strong> \u0130srail&#8217;in Gazze \u015eeridi&#8217;ne y\u00f6nelik 229&#8217;uncu g\u00fcn\u00fcnde devam eden sald\u0131rganl\u0131\u011f\u0131 sonucunda bug\u00fcn \u015fafak vakti onlarca Filistinli \u015fehit d\u00fc\u015ft\u00fc ve yaraland\u0131.<\/p>\n<p style=\"text-align: justify;\">Filistinli medyas\u0131, i\u015fgal u\u00e7aklar\u0131n\u0131n Gazze \u015eeridi&#8217;nin merkezindeki El Zeveyde kasabas\u0131nda yerinden edilmi\u015f insanlar\u0131n bir araya geldi\u011fi bir toplant\u0131y\u0131 bombalad\u0131\u011f\u0131n\u0131 ve bunun \u00e7o\u011fu \u00e7ocuk 10 Filistinlinin \u015fehit d\u00fc\u015fmesine yol a\u00e7t\u0131\u011f\u0131n\u0131 bildirdi.<\/p>\n<p style=\"text-align: justify;\">Gazze \u015eeridi&#8217;nin kuzeyindeki Cebeliye&#8217;deki El Faluce b\u00f6lgesinde bir eve i\u015fgal u\u00e7aklar\u0131n\u0131n f\u00fcze bombard\u0131man\u0131 sonucu 6 ki\u015fi \u015fehit d\u00fc\u015ft\u00fc, \u00e7ok say\u0131da ki\u015fi de yaraland\u0131.<\/p>\n<p style=\"text-align: justify;\">\u0130\u015fgal u\u00e7aklar\u0131 ve top\u00e7u silahlar\u0131 da, Gazze \u015eeridi&#8217;nin merkezindeki El Zeytun ve Tel El Hava mahalleleri ve g\u00fcneyindeki Refah \u015fehrinin Tel El Sultan&#8217;\u0131ndaki Filistinlilerin evlerini bombalayarak iki Filistinlinin \u015fehit d\u00fc\u015fmesine ve di\u011ferlerinin de yaralanmas\u0131na yol a\u00e7t\u0131.<\/p>\n<p style=\"text-align: center;\"><strong><a href=\"https:\/\/t.me\/SuriyeArapHaberAjansI\">Telegram Kanal\u0131m\u0131z\u00a0<\/a>||<a href=\"https:\/\/twitter.com\/arap_ajans\">X Platformumuz\u00a0<\/a>||<a href=\"https:\/\/www.facebook.com\/SANAHaberAjansi\/\">Facebook Sayfam\u0131z<\/a><\/strong><\/p>\n","protected":false},"excerpt":{"rendered":"<p>\u0130\u015eGAL ED\u0130LEN KUD\u00dcS (SANA) \u2013 \u0130srail&#8217;in Gazze \u015eeridi&#8217;ne y\u00f6nelik 229&#8217;uncu g\u00fcn\u00fcnde devam eden sald\u0131rganl\u0131\u011f\u0131 sonucunda bug\u00fcn \u015fafak vakti onlarca Filistinli \u015fehit d\u00fc\u015ft\u00fc ve yaraland\u0131. Filistinli medyas\u0131, i\u015fgal u\u00e7aklar\u0131n\u0131n Gazze \u015eeridi&#8217;nin merkezindeki El Zeveyde kasabas\u0131nda yerinden edilmi\u015f insanlar\u0131n bir araya geldi\u011fi bir toplant\u0131y\u0131 bombalad\u0131\u011f\u0131n\u0131 ve bunun \u00e7o\u011fu \u00e7ocuk 10 Filistinlinin \u015fehit d\u00fc\u015fmesine yol a\u00e7t\u0131\u011f\u0131n\u0131 bildirdi. Gazze &hellip;<\/p>\n","protected":false},"author":39,"featured_media":302192,"comment_status":"closed","ping_status":"closed","sticky":false,"template":"","format":"standard","meta":{"footnotes":""},"categories":[458,459,17988],"tags":[],"class_list":["post-302191","post","type-post","status-publish","format-standard","has-post-thumbnail","","category-dunya1","category-haberler-arap-uluslararasi-politika","category-son-haberler"],"_links":{"self":[{"href":"https:\/\/archive.sana.sy\/tr\/index.php?rest_route=\/wp\/v2\/posts\/302191","targetHints":{"allow":["GET"]}}],"collection":[{"href":"https:\/\/archive.sana.sy\/tr\/index.php?rest_route=\/wp\/v2\/posts"}],"about":[{"href":"https:\/\/archive.sana.sy\/tr\/index.php?rest_route=\/wp\/v2\/types\/post"}],"author":[{"embeddable":true,"href":"https:\/\/archive.sana.sy\/tr\/index.php?rest_route=\/wp\/v2\/users\/39"}],"replies":[{"embeddable":true,"href":"https:\/\/archive.sana.sy\/tr\/index.php?rest_route=%2Fwp%2Fv2%2Fcomments&post=302191"}],"version-history":[{"count":3,"href":"https:\/\/archive.sana.sy\/tr\/index.php?rest_route=\/wp\/v2\/posts\/302191\/revisions"}],"predecessor-version":[{"id":302205,"href":"https:\/\/archive.sana.sy\/tr\/index.php?rest_route=\/wp\/v2\/posts\/302191\/revisions\/302205"}],"wp:featuredmedia":[{"embeddable":true,"href":"https:\/\/archive.sana.sy\/tr\/index.php?rest_route=\/wp\/v2\/media\/302192"}],"wp:attachment":[{"href":"https:\/\/archive.sana.sy\/tr\/index.php?rest_route=%2Fwp%2Fv2%2Fmedia&parent=302191"}],"wp:term":[{"taxonomy":"category","embeddable":true,"href":"https:\/\/archive.sana.sy\/tr\/index.php?rest_route=%2Fwp%2Fv2%2Fcategories&post=302191"},{"taxonomy":"post_tag","embeddable":true,"href":"https:\/\/archive.sana.sy\/tr\/index.php?rest_route=%2Fwp%2Fv2%2Ftags&post=302191"}],"curies":[{"name":"wp","href":"https:\/\/api.w.org\/{rel}","templated":true}]}}