{"id":302197,"date":"2024-05-22T13:34:53","date_gmt":"2024-05-22T10:34:53","guid":{"rendered":"https:\/\/sana.sy\/tr\/?p=302197"},"modified":"2024-05-26T11:25:30","modified_gmt":"2024-05-26T08:25:30","slug":"suriye-arap-cumhuriyeti-heyeti-iran-cumhurbaskani-ve-beraberindekilerin-cenaze-torenine-katilmak-uzere-tahrana-geldi","status":"publish","type":"post","link":"https:\/\/archive.sana.sy\/tr\/?p=302197","title":{"rendered":"\u0130ran Cumhurba\u015fkan\u0131 Ve Arkada\u015flar\u0131n\u0131n Cenaze T\u00f6renine Arnus Ba\u015fkanl\u0131\u011f\u0131ndaki Suriyeli Bir Heyet Kat\u0131ld\u0131"},"content":{"rendered":"<p style=\"text-align: justify;\"><strong>TAHRAN (SANA) \u2013 <\/strong>Ba\u015fbakan H\u00fcseyin Arnus ba\u015fkanl\u0131\u011f\u0131ndaki Suriye Arap Cumhuriyeti heyeti, \u0130ran Cumhurba\u015fkan\u0131 \u0130brahim Reisi ve D\u0131\u015fi\u015fleri Bakan\u0131 H\u00fcseyin Emir Abdullahiyan ve beraberindekilerin cenaze t\u00f6renlerine kat\u0131lmak \u00fczere Tahran&#8217;a geldi.<\/p>\n<p style=\"text-align: justify;\">Heyette Ekonomi ve D\u0131\u015f Ticaret Bakan\u0131 Muhammad Samir El Halil ve Cumhurba\u015fkanl\u0131\u011f\u0131 Genel Sekreterli\u011fi Ulusal G\u00fcvenlik \u0130\u015fleri Dan\u0131\u015fman\u0131 T\u00fcmgeneral Ali Memluk yer al\u0131yor.<\/p>\n<p style=\"text-align: justify;\">Arnus ve beraberindeki heyet, \u0130ran Cumhurba\u015fkan\u0131 Birinci Yard\u0131mc\u0131s\u0131 Muhammed Muhbir&#8217;e ve dost \u0130ran \u0130slam Cumhuriyeti&#8217;nin liderlerine, h\u00fck\u00fcmetine ve halk\u0131na taziyelerini sundu.<\/p>\n<p style=\"text-align: center;\"><strong><a href=\"https:\/\/t.me\/SuriyeArapHaberAjansI\">Telegram Kanal\u0131m\u0131z\u00a0<\/a>||<a href=\"https:\/\/twitter.com\/arap_ajans\">X Platformumuz\u00a0<\/a>||<a href=\"https:\/\/www.facebook.com\/SANAHaberAjansi\/\">Facebook Sayfam\u0131z<\/a><\/strong><\/p>\n<div id='gallery-1' class='gallery galleryid-302197 gallery-columns-2 gallery-size-medium'><figure class='gallery-item'>\n\t\t\t<div class='gallery-icon landscape'>\n\t\t\t\t<a href='https:\/\/archive.sana.sy\/tr\/?attachment_id=302250'><img loading=\"lazy\" decoding=\"async\" width=\"300\" height=\"164\" src=\"https:\/\/archive.sana.sy\/tr\/wp-content\/uploads\/2024\/05\/1-19-300x164.jpg\" class=\"attachment-medium size-medium\" alt=\"\" srcset=\"https:\/\/archive.sana.sy\/tr\/wp-content\/uploads\/2024\/05\/1-19-300x164.jpg 300w, https:\/\/archive.sana.sy\/tr\/wp-content\/uploads\/2024\/05\/1-19.jpg 660w\" sizes=\"auto, (max-width: 300px) 100vw, 300px\" \/><\/a>\n\t\t\t<\/div><\/figure><figure class='gallery-item'>\n\t\t\t<div class='gallery-icon landscape'>\n\t\t\t\t<a href='https:\/\/archive.sana.sy\/tr\/?attachment_id=302251'><img loading=\"lazy\" decoding=\"async\" width=\"300\" height=\"211\" src=\"https:\/\/archive.sana.sy\/tr\/wp-content\/uploads\/2024\/05\/2-16-300x211.jpg\" class=\"attachment-medium size-medium\" alt=\"\" srcset=\"https:\/\/archive.sana.sy\/tr\/wp-content\/uploads\/2024\/05\/2-16-300x211.jpg 300w, https:\/\/archive.sana.sy\/tr\/wp-content\/uploads\/2024\/05\/2-16.jpg 660w\" sizes=\"auto, (max-width: 300px) 100vw, 300px\" \/><\/a>\n\t\t\t<\/div><\/figure>\n\t\t<\/div>\n\n","protected":false},"excerpt":{"rendered":"<p>TAHRAN (SANA) \u2013 Ba\u015fbakan H\u00fcseyin Arnus ba\u015fkanl\u0131\u011f\u0131ndaki Suriye Arap Cumhuriyeti heyeti, \u0130ran Cumhurba\u015fkan\u0131 \u0130brahim Reisi ve D\u0131\u015fi\u015fleri Bakan\u0131 H\u00fcseyin Emir Abdullahiyan ve beraberindekilerin cenaze t\u00f6renlerine kat\u0131lmak \u00fczere Tahran&#8217;a geldi. Heyette Ekonomi ve D\u0131\u015f Ticaret Bakan\u0131 Muhammad Samir El Halil ve Cumhurba\u015fkanl\u0131\u011f\u0131 Genel Sekreterli\u011fi Ulusal G\u00fcvenlik \u0130\u015fleri Dan\u0131\u015fman\u0131 T\u00fcmgeneral Ali Memluk yer al\u0131yor. Arnus ve beraberindeki &hellip;<\/p>\n","protected":false},"author":39,"featured_media":302248,"comment_status":"closed","ping_status":"closed","sticky":false,"template":"","format":"standard","meta":{"footnotes":""},"categories":[458,459,17988],"tags":[41482,18943],"class_list":["post-302197","post","type-post","status-publish","format-standard","has-post-thumbnail","","category-dunya1","category-haberler-arap-uluslararasi-politika","category-son-haberler","tag-iran-cumhurbaskani-ve-beraberindekilerin-cenaze-torenine-katilmak-uzere-tahrana-geldi","tag-suriye-arap-cumhuriyeti-heyeti"],"_links":{"self":[{"href":"https:\/\/archive.sana.sy\/tr\/index.php?rest_route=\/wp\/v2\/posts\/302197","targetHints":{"allow":["GET"]}}],"collection":[{"href":"https:\/\/archive.sana.sy\/tr\/index.php?rest_route=\/wp\/v2\/posts"}],"about":[{"href":"https:\/\/archive.sana.sy\/tr\/index.php?rest_route=\/wp\/v2\/types\/post"}],"author":[{"embeddable":true,"href":"https:\/\/archive.sana.sy\/tr\/index.php?rest_route=\/wp\/v2\/users\/39"}],"replies":[{"embeddable":true,"href":"https:\/\/archive.sana.sy\/tr\/index.php?rest_route=%2Fwp%2Fv2%2Fcomments&post=302197"}],"version-history":[{"count":9,"href":"https:\/\/archive.sana.sy\/tr\/index.php?rest_route=\/wp\/v2\/posts\/302197\/revisions"}],"predecessor-version":[{"id":302295,"href":"https:\/\/archive.sana.sy\/tr\/index.php?rest_route=\/wp\/v2\/posts\/302197\/revisions\/302295"}],"wp:featuredmedia":[{"embeddable":true,"href":"https:\/\/archive.sana.sy\/tr\/index.php?rest_route=\/wp\/v2\/media\/302248"}],"wp:attachment":[{"href":"https:\/\/archive.sana.sy\/tr\/index.php?rest_route=%2Fwp%2Fv2%2Fmedia&parent=302197"}],"wp:term":[{"taxonomy":"category","embeddable":true,"href":"https:\/\/archive.sana.sy\/tr\/index.php?rest_route=%2Fwp%2Fv2%2Fcategories&post=302197"},{"taxonomy":"post_tag","embeddable":true,"href":"https:\/\/archive.sana.sy\/tr\/index.php?rest_route=%2Fwp%2Fv2%2Ftags&post=302197"}],"curies":[{"name":"wp","href":"https:\/\/api.w.org\/{rel}","templated":true}]}}