{"id":302206,"date":"2024-05-22T15:33:08","date_gmt":"2024-05-22T12:33:08","guid":{"rendered":"https:\/\/sana.sy\/tr\/?p=302206"},"modified":"2024-05-26T11:25:36","modified_gmt":"2024-05-26T08:25:36","slug":"suriyenin-katilimiyla-tunusta-besinci-arap-rekabet-forumunun-faaliyetleri-basladi","status":"publish","type":"post","link":"https:\/\/archive.sana.sy\/tr\/?p=302206","title":{"rendered":"Suriye&#8217;nin Kat\u0131l\u0131m\u0131yla&#8230; Tunus&#8217;ta Be\u015finci Arap Rekabet Forumu&#8217;nun Faaliyetleri Ba\u015flad\u0131"},"content":{"rendered":"<p style=\"text-align: justify;\"><strong>TUNUS (SANA)<\/strong> &#8211; \u00a0Suriye&#8217;nin kat\u0131l\u0131m\u0131yla Be\u015finci Arap Rekabet Forumu&#8217;nun faaliyetleri bug\u00fcn Tunus&#8217;un ba\u015fkentinde, Arap rekabet kurumlar\u0131n\u0131n temsilcileri, akademisyenler ve b\u00f6lgedeki rekabet politikalar\u0131 ve uygulamalar\u0131 konusunda uluslararas\u0131 ve uluslararas\u0131 uzmanlar\u0131n kat\u0131l\u0131m\u0131yla ba\u015flat\u0131ld\u0131.<\/p>\n<p style=\"text-align: justify;\">Foruma kat\u0131lan Suriye heyetini \u0130\u00e7 Ticaret ve T\u00fcketicinin Korunmas\u0131 Bakan Yard\u0131mc\u0131s\u0131 Samer Susi temsil ediyor.<\/p>\n<p style=\"text-align: justify;\">Forum, Arap b\u00f6lgesindeki rekabet \u00e7er\u00e7evelerini ve politikalar\u0131n\u0131 g\u00fc\u00e7lendirmeyi, rekabet k\u00fclt\u00fcr\u00fcn\u00fc ve etkili politikalar\u0131 te\u015fvik etmenin ve desteklemenin \u00f6nemini yaymay\u0131 ve Arap b\u00f6lgesinde ekonomik b\u00fcy\u00fcmenin ve y\u00f6neti\u015fimin iyile\u015ftirilmesine katk\u0131da bulunmay\u0131 ama\u00e7l\u0131yor.<\/p>\n<p style=\"text-align: center;\"><strong><a href=\"https:\/\/t.me\/SuriyeArapHaberAjansI\">Telegram Kanal\u0131m\u0131z\u00a0<\/a>||<a href=\"https:\/\/twitter.com\/arap_ajans\">X Platformumuz\u00a0<\/a>||<a href=\"https:\/\/www.facebook.com\/SANAHaberAjansi\/\">Facebook Sayfam\u0131z<\/a><\/strong><\/p>\n","protected":false},"excerpt":{"rendered":"<p>TUNUS (SANA) &#8211; \u00a0Suriye&#8217;nin kat\u0131l\u0131m\u0131yla Be\u015finci Arap Rekabet Forumu&#8217;nun faaliyetleri bug\u00fcn Tunus&#8217;un ba\u015fkentinde, Arap rekabet kurumlar\u0131n\u0131n temsilcileri, akademisyenler ve b\u00f6lgedeki rekabet politikalar\u0131 ve uygulamalar\u0131 konusunda uluslararas\u0131 ve uluslararas\u0131 uzmanlar\u0131n kat\u0131l\u0131m\u0131yla ba\u015flat\u0131ld\u0131. Foruma kat\u0131lan Suriye heyetini \u0130\u00e7 Ticaret ve T\u00fcketicinin Korunmas\u0131 Bakan Yard\u0131mc\u0131s\u0131 Samer Susi temsil ediyor. Forum, Arap b\u00f6lgesindeki rekabet \u00e7er\u00e7evelerini ve politikalar\u0131n\u0131 g\u00fc\u00e7lendirmeyi, rekabet &hellip;<\/p>\n","protected":false},"author":41,"featured_media":302207,"comment_status":"closed","ping_status":"closed","sticky":false,"template":"","format":"standard","meta":{"footnotes":""},"categories":[458,459,17988],"tags":[41483],"class_list":["post-302206","post","type-post","status-publish","format-standard","has-post-thumbnail","","category-dunya1","category-haberler-arap-uluslararasi-politika","category-son-haberler","tag-suriyenin-katilimiyla-tunusta-besinci-arap-rekabet-forumunun-faaliyetleri-basladi"],"_links":{"self":[{"href":"https:\/\/archive.sana.sy\/tr\/index.php?rest_route=\/wp\/v2\/posts\/302206","targetHints":{"allow":["GET"]}}],"collection":[{"href":"https:\/\/archive.sana.sy\/tr\/index.php?rest_route=\/wp\/v2\/posts"}],"about":[{"href":"https:\/\/archive.sana.sy\/tr\/index.php?rest_route=\/wp\/v2\/types\/post"}],"author":[{"embeddable":true,"href":"https:\/\/archive.sana.sy\/tr\/index.php?rest_route=\/wp\/v2\/users\/41"}],"replies":[{"embeddable":true,"href":"https:\/\/archive.sana.sy\/tr\/index.php?rest_route=%2Fwp%2Fv2%2Fcomments&post=302206"}],"version-history":[{"count":1,"href":"https:\/\/archive.sana.sy\/tr\/index.php?rest_route=\/wp\/v2\/posts\/302206\/revisions"}],"predecessor-version":[{"id":302208,"href":"https:\/\/archive.sana.sy\/tr\/index.php?rest_route=\/wp\/v2\/posts\/302206\/revisions\/302208"}],"wp:featuredmedia":[{"embeddable":true,"href":"https:\/\/archive.sana.sy\/tr\/index.php?rest_route=\/wp\/v2\/media\/302207"}],"wp:attachment":[{"href":"https:\/\/archive.sana.sy\/tr\/index.php?rest_route=%2Fwp%2Fv2%2Fmedia&parent=302206"}],"wp:term":[{"taxonomy":"category","embeddable":true,"href":"https:\/\/archive.sana.sy\/tr\/index.php?rest_route=%2Fwp%2Fv2%2Fcategories&post=302206"},{"taxonomy":"post_tag","embeddable":true,"href":"https:\/\/archive.sana.sy\/tr\/index.php?rest_route=%2Fwp%2Fv2%2Ftags&post=302206"}],"curies":[{"name":"wp","href":"https:\/\/api.w.org\/{rel}","templated":true}]}}