{"id":302209,"date":"2024-05-22T15:00:13","date_gmt":"2024-05-22T12:00:13","guid":{"rendered":"https:\/\/sana.sy\/tr\/?p=302209"},"modified":"2024-05-26T11:25:33","modified_gmt":"2024-05-26T08:25:33","slug":"hamaney-reisinin-sehadeti-ile-iran-onemli-bir-sahsiyeti-ve-sadik-bir-yetkiliyi-kaybetti","status":"publish","type":"post","link":"https:\/\/archive.sana.sy\/tr\/?p=302209","title":{"rendered":"Hamaney: Reisi&#8217;nin \u015eehadeti \u0130le \u0130ran \u00d6nemli Bir \u015eahsiyeti Ve Sad\u0131k Bir Yetkiliyi Kaybetti"},"content":{"rendered":"<p style=\"text-align: justify;\"><strong>TAHRAN (SANA)<\/strong> &#8211;\u00a0 \u0130ran \u0130slam Devrimi Lideri Say\u0131n Ali Hamaney, \u0130ran&#8217;\u0131n Cumhurba\u015fkan\u0131 \u0130brahim Reisi&#8217;nin \u015fehadetiyle \u00f6nemli bir \u015fahsiyet, samimi ve ciddi bir yetkiliyi kaybetti\u011fini do\u011frulad\u0131.<\/p>\n<p style=\"text-align: justify;\">Hamaney, \u015fu anda \u015fehitlerin cenaze t\u00f6renine kat\u0131lmak \u00fczere Tahran&#8217;\u0131 ziyaret eden Irak Ba\u015fbakan\u0131 Muhammed \u015eeyya el Sudani, Cumhurba\u015fkan\u0131 \u0130brahim Reisi ve D\u0131\u015fi\u015fleri Bakan\u0131 H\u00fcseyin Emir Abdullahian ve arkada\u015flar\u0131n\u0131 kabul ederken \u015funlar\u0131 s\u00f6yledi: &#8220;Anayasaya g\u00f6re y\u00fcr\u00fctme otoritesinin ba\u015f\u0131na atanan ki\u015fi Muhammed Muhbar&#8217;\u0131n b\u00fcy\u00fck sorumlulu\u011fu var ve kendisi Irak h\u00fck\u00fcmetiyle i\u015fbirli\u011fi s\u00fcrecini s\u00fcrd\u00fcrecek.&#8221;<\/p>\n<p style=\"text-align: justify;\">El Sudani ise g\u00f6r\u00fc\u015fme s\u0131ras\u0131nda \u00fclkesinin h\u00fck\u00fcmeti ve halk\u0131 ad\u0131na \u0130slam Devrimi&#8217;nin liderine ve \u0130ran h\u00fck\u00fcmeti ve halk\u0131na ba\u015fsa\u011fl\u0131\u011f\u0131 dileklerini iletirken, \u015fehitlerin cenazesine yo\u011fun halk kat\u0131l\u0131m\u0131n\u0131n, yetkililerle halk aras\u0131ndaki ili\u015fkinin derinli\u011fini yans\u0131tt\u0131\u011f\u0131na dikkati \u00e7ekti.<\/p>\n<p style=\"text-align: center;\"><strong><a href=\"https:\/\/t.me\/SuriyeArapHaberAjansI\">Telegram Kanal\u0131m\u0131z\u00a0<\/a>||<a href=\"https:\/\/twitter.com\/arap_ajans\">X Platformumuz\u00a0<\/a>||<a href=\"https:\/\/www.facebook.com\/SANAHaberAjansi\/\">Facebook Sayfam\u0131z<\/a><\/strong><\/p>\n","protected":false},"excerpt":{"rendered":"<p>TAHRAN (SANA) &#8211;\u00a0 \u0130ran \u0130slam Devrimi Lideri Say\u0131n Ali Hamaney, \u0130ran&#8217;\u0131n Cumhurba\u015fkan\u0131 \u0130brahim Reisi&#8217;nin \u015fehadetiyle \u00f6nemli bir \u015fahsiyet, samimi ve ciddi bir yetkiliyi kaybetti\u011fini do\u011frulad\u0131. Hamaney, \u015fu anda \u015fehitlerin cenaze t\u00f6renine kat\u0131lmak \u00fczere Tahran&#8217;\u0131 ziyaret eden Irak Ba\u015fbakan\u0131 Muhammed \u015eeyya el Sudani, Cumhurba\u015fkan\u0131 \u0130brahim Reisi ve D\u0131\u015fi\u015fleri Bakan\u0131 H\u00fcseyin Emir Abdullahian ve arkada\u015flar\u0131n\u0131 kabul ederken &hellip;<\/p>\n","protected":false},"author":41,"featured_media":302210,"comment_status":"closed","ping_status":"closed","sticky":false,"template":"","format":"standard","meta":{"footnotes":""},"categories":[458,459,17988],"tags":[41484],"class_list":["post-302209","post","type-post","status-publish","format-standard","has-post-thumbnail","","category-dunya1","category-haberler-arap-uluslararasi-politika","category-son-haberler","tag-hamaney-reisinin-sehadeti-ile-iran-onemli-bir-sahsiyeti-ve-sadik-bir-yetkiliyi-kaybetti"],"_links":{"self":[{"href":"https:\/\/archive.sana.sy\/tr\/index.php?rest_route=\/wp\/v2\/posts\/302209","targetHints":{"allow":["GET"]}}],"collection":[{"href":"https:\/\/archive.sana.sy\/tr\/index.php?rest_route=\/wp\/v2\/posts"}],"about":[{"href":"https:\/\/archive.sana.sy\/tr\/index.php?rest_route=\/wp\/v2\/types\/post"}],"author":[{"embeddable":true,"href":"https:\/\/archive.sana.sy\/tr\/index.php?rest_route=\/wp\/v2\/users\/41"}],"replies":[{"embeddable":true,"href":"https:\/\/archive.sana.sy\/tr\/index.php?rest_route=%2Fwp%2Fv2%2Fcomments&post=302209"}],"version-history":[{"count":1,"href":"https:\/\/archive.sana.sy\/tr\/index.php?rest_route=\/wp\/v2\/posts\/302209\/revisions"}],"predecessor-version":[{"id":302211,"href":"https:\/\/archive.sana.sy\/tr\/index.php?rest_route=\/wp\/v2\/posts\/302209\/revisions\/302211"}],"wp:featuredmedia":[{"embeddable":true,"href":"https:\/\/archive.sana.sy\/tr\/index.php?rest_route=\/wp\/v2\/media\/302210"}],"wp:attachment":[{"href":"https:\/\/archive.sana.sy\/tr\/index.php?rest_route=%2Fwp%2Fv2%2Fmedia&parent=302209"}],"wp:term":[{"taxonomy":"category","embeddable":true,"href":"https:\/\/archive.sana.sy\/tr\/index.php?rest_route=%2Fwp%2Fv2%2Fcategories&post=302209"},{"taxonomy":"post_tag","embeddable":true,"href":"https:\/\/archive.sana.sy\/tr\/index.php?rest_route=%2Fwp%2Fv2%2Ftags&post=302209"}],"curies":[{"name":"wp","href":"https:\/\/api.w.org\/{rel}","templated":true}]}}