{"id":302212,"date":"2024-05-22T12:51:02","date_gmt":"2024-05-22T09:51:02","guid":{"rendered":"https:\/\/sana.sy\/tr\/?p=302212"},"modified":"2024-05-26T11:25:24","modified_gmt":"2024-05-26T08:25:24","slug":"iran-silahli-kuvvetleri-sehit-reisinin-helikopter-kazasinin-yerini-ihalari-ve-kurtarma-ekipleri-tespit-etti","status":"publish","type":"post","link":"https:\/\/archive.sana.sy\/tr\/?p=302212","title":{"rendered":"\u0130ran Silahl\u0131 Kuvvetleri: \u015eehit Reisi&#8217;nin Helikopter Kazas\u0131n\u0131n Yerini \u0130ran \u0130HA\u2019lar\u0131 Ve Kurtarma Ekipleri Tespit Etti"},"content":{"rendered":"<p style=\"text-align: justify;\"><strong>TAHRAN (SANA)<\/strong> &#8211;\u00a0 \u0130ran Silahl\u0131 Kuvvetleri Genelkurmay Ba\u015fkanl\u0131\u011f\u0131 bug\u00fcn, \u015fehid \u0130ran Cumhurba\u015fkan\u0131 \u0130brahim Reisi ve beraberindekileri ta\u015f\u0131yan helikopterin d\u00fc\u015ft\u00fc\u011f\u00fc yerin kesin olarak, kara kurtarma ekipleri ve Silahl\u0131 Kuvvetlerin \u0130ran insans\u0131z hava ara\u00e7lar\u0131 taraf\u0131ndan tespit edildi\u011fini duyurarak, \u00a0Kuzey Hint Okyanusu&#8217;ndaki bir g\u00f6revden geri \u00e7a\u011fr\u0131ld\u0131\u011f\u0131n\u0131 belirtti.<\/p>\n<p style=\"text-align: justify;\">Ba\u015fkanl\u0131k yapt\u0131\u011f\u0131 a\u00e7\u0131klamada,\u00a0 &#8220;Cumhurba\u015fkan\u0131 Reisi \u00a0beraberindeki heyetin helikoptern\u0131n kar\u0131\u015ft\u0131\u011f\u0131 kaza sonras\u0131nda, \u00e7ok k\u00f6t\u00fc hava ko\u015fullar\u0131n\u0131n varl\u0131\u011f\u0131, b\u00f6lgenin co\u011frafi karma\u015f\u0131kl\u0131\u011f\u0131 ve da\u011fl\u0131k yap\u0131s\u0131 nedeniyle ve helikopter kazas\u0131n\u0131n oldu\u011fu yerden \u00e7ok uzakta g\u00f6revler y\u00fcr\u00fctmek \u00fczere SAR radar\u0131yla donat\u0131lm\u0131\u015f geli\u015fmi\u015f \u0130ran insans\u0131z hava ara\u00e7lar\u0131n\u0131n Hint Okyanusu&#8217;nun kuzeyinde \u00a0varl\u0131\u011f\u0131na ek olarak, kurtarma ekipleri arama operasyonuna kara yoluyla ba\u015flamak zorunda kald\u0131.\u201d<\/p>\n<p style=\"text-align: justify;\">Ba\u015fkanl\u0131k ayr\u0131ca, &#8220;Bu durumun \u0131\u015f\u0131\u011f\u0131nda, \u00fclkelerin i\u015fbirli\u011fine haz\u0131r olduklar\u0131n\u0131 beyan etmesi \u00fczerine Genelkurmay Ba\u015fkanl\u0131\u011f\u0131, en yak\u0131n \u00fclkenin, yani T\u00fcrkiye&#8217;nin teklifini kabul etti. Ancak b\u00f6lgeye gece g\u00f6r\u00fc\u015fl\u00fc ve termal kameralarla donat\u0131lm\u0131\u015f bir drone g\u00f6ndermesine ra\u011fmen bu u\u00e7ak, bulutlar\u0131n alt\u0131ndaki noktalar\u0131 tespit edecek ve denetleyecek ekipman eksikli\u011fi nedeniyle helikopter kazas\u0131n\u0131n yerini do\u011fru bir \u015fekilde duyuramad\u0131. \u00a0Sonunda T\u00fcrkiye&#8217;ye d\u00f6nd\u00fc\u201d ifadelerini kulland\u0131.<\/p>\n<p style=\"text-align: justify;\">A\u00e7\u0131klamada, helikopter kazas\u0131n\u0131n yerinin belirlenmesinden \u0130ran kuvvetleri ve kurtarma ekiplerinin sorumlu oldu\u011fu yinelendi.<\/p>\n<p style=\"text-align: center;\"><strong><a href=\"https:\/\/t.me\/SuriyeArapHaberAjansI\">Telegram Kanal\u0131m\u0131z\u00a0<\/a>||<a href=\"https:\/\/twitter.com\/arap_ajans\">X Platformumuz\u00a0<\/a>||<a href=\"https:\/\/www.facebook.com\/SANAHaberAjansi\/\">Facebook Sayfam\u0131z<\/a><\/strong><\/p>\n","protected":false},"excerpt":{"rendered":"<p>TAHRAN (SANA) &#8211;\u00a0 \u0130ran Silahl\u0131 Kuvvetleri Genelkurmay Ba\u015fkanl\u0131\u011f\u0131 bug\u00fcn, \u015fehid \u0130ran Cumhurba\u015fkan\u0131 \u0130brahim Reisi ve beraberindekileri ta\u015f\u0131yan helikopterin d\u00fc\u015ft\u00fc\u011f\u00fc yerin kesin olarak, kara kurtarma ekipleri ve Silahl\u0131 Kuvvetlerin \u0130ran insans\u0131z hava ara\u00e7lar\u0131 taraf\u0131ndan tespit edildi\u011fini duyurarak, \u00a0Kuzey Hint Okyanusu&#8217;ndaki bir g\u00f6revden geri \u00e7a\u011fr\u0131ld\u0131\u011f\u0131n\u0131 belirtti. Ba\u015fkanl\u0131k yapt\u0131\u011f\u0131 a\u00e7\u0131klamada,\u00a0 &#8220;Cumhurba\u015fkan\u0131 Reisi \u00a0beraberindeki heyetin helikoptern\u0131n kar\u0131\u015ft\u0131\u011f\u0131 kaza sonras\u0131nda, &hellip;<\/p>\n","protected":false},"author":41,"featured_media":302213,"comment_status":"closed","ping_status":"closed","sticky":false,"template":"","format":"standard","meta":{"footnotes":""},"categories":[458,459,17988],"tags":[41485],"class_list":["post-302212","post","type-post","status-publish","format-standard","has-post-thumbnail","","category-dunya1","category-haberler-arap-uluslararasi-politika","category-son-haberler","tag-iran-silahli-kuvvetleri-sehit-reisinin-helikopter-kazasinin-yerini-ihalari-ve-kurtarma-ekipleri-tespit-etti"],"_links":{"self":[{"href":"https:\/\/archive.sana.sy\/tr\/index.php?rest_route=\/wp\/v2\/posts\/302212","targetHints":{"allow":["GET"]}}],"collection":[{"href":"https:\/\/archive.sana.sy\/tr\/index.php?rest_route=\/wp\/v2\/posts"}],"about":[{"href":"https:\/\/archive.sana.sy\/tr\/index.php?rest_route=\/wp\/v2\/types\/post"}],"author":[{"embeddable":true,"href":"https:\/\/archive.sana.sy\/tr\/index.php?rest_route=\/wp\/v2\/users\/41"}],"replies":[{"embeddable":true,"href":"https:\/\/archive.sana.sy\/tr\/index.php?rest_route=%2Fwp%2Fv2%2Fcomments&post=302212"}],"version-history":[{"count":5,"href":"https:\/\/archive.sana.sy\/tr\/index.php?rest_route=\/wp\/v2\/posts\/302212\/revisions"}],"predecessor-version":[{"id":302245,"href":"https:\/\/archive.sana.sy\/tr\/index.php?rest_route=\/wp\/v2\/posts\/302212\/revisions\/302245"}],"wp:featuredmedia":[{"embeddable":true,"href":"https:\/\/archive.sana.sy\/tr\/index.php?rest_route=\/wp\/v2\/media\/302213"}],"wp:attachment":[{"href":"https:\/\/archive.sana.sy\/tr\/index.php?rest_route=%2Fwp%2Fv2%2Fmedia&parent=302212"}],"wp:term":[{"taxonomy":"category","embeddable":true,"href":"https:\/\/archive.sana.sy\/tr\/index.php?rest_route=%2Fwp%2Fv2%2Fcategories&post=302212"},{"taxonomy":"post_tag","embeddable":true,"href":"https:\/\/archive.sana.sy\/tr\/index.php?rest_route=%2Fwp%2Fv2%2Ftags&post=302212"}],"curies":[{"name":"wp","href":"https:\/\/api.w.org\/{rel}","templated":true}]}}