{"id":30228,"date":"2015-04-20T09:40:40","date_gmt":"2015-04-20T06:40:40","guid":{"rendered":"http:\/\/www.sana.sy\/tr\/?p=30228"},"modified":"2015-04-20T09:40:40","modified_gmt":"2015-04-20T06:40:40","slug":"askeri-kaynak-ordu-ve-silahli-kuvvetlerimize-tabi-ordu-birliklerimizin-duzenledigi-basarili-operasyon-sonucunda-dera-kirsali-dogu-ve-bati-meskiyye-resm-el-havabi-asnan-ve-el-dellase-beldelerini-hak","status":"publish","type":"post","link":"https:\/\/archive.sana.sy\/tr\/?p=30228","title":{"rendered":"Askeri kaynak, ordu ve silahl\u0131 kuvvetlerimize tabi ordu birliklerimizin d\u00fczenledi\u011fi ba\u015far\u0131l\u0131 operasyon sonucunda Dera k\u0131rsal\u0131 Do\u011fu ve Bat\u0131 Meskiyye, Resm el Havabi, A\u015fnan ve el Dellase Beldelerini hakimiyetleri alt\u0131na ald\u0131klar\u0131n\u0131, Muleyha el Ata\u015f ve Busr el Harir Beldelerini de abluka alt\u0131na ald\u0131klar\u0131n\u0131 ilan etti."},"content":{"rendered":"<p>Askeri kaynak, ordu ve silahl\u0131 kuvvetlerimize tabi ordu birliklerimizin d\u00fczenledi\u011fi ba\u015far\u0131l\u0131 operasyon sonucunda Dera k\u0131rsal\u0131 Do\u011fu ve Bat\u0131 Meskiyye, Resm el Havabi, A\u015fnan ve el Dellase Beldelerini hakimiyetleri alt\u0131na ald\u0131klar\u0131n\u0131, Muleyha el Ata\u015f ve Busr el Harir Beldelerini de abluka alt\u0131na ald\u0131klar\u0131n\u0131 ilan etti.<\/p>\n","protected":false},"excerpt":{"rendered":"<p>Askeri kaynak, ordu ve silahl\u0131 kuvvetlerimize tabi ordu birliklerimizin d\u00fczenledi\u011fi ba\u015far\u0131l\u0131 operasyon sonucunda Dera k\u0131rsal\u0131 Do\u011fu ve Bat\u0131 Meskiyye, Resm el Havabi, A\u015fnan ve el Dellase Beldelerini hakimiyetleri alt\u0131na ald\u0131klar\u0131n\u0131, Muleyha el Ata\u015f ve Busr el Harir Beldelerini de abluka alt\u0131na ald\u0131klar\u0131n\u0131 ilan etti.<\/p>\n","protected":false},"author":1,"featured_media":0,"comment_status":"closed","ping_status":"closed","sticky":false,"template":"","format":"standard","meta":{"footnotes":""},"categories":[1],"tags":[1031,13814,13815,13812,13813],"class_list":["post-30228","post","type-post","status-publish","format-standard","","category-news-not-sorted","tag-askeri-kaynak","tag-asnan-ve-el-dellase-beldelerini-hakimiyetleri-altina-aldiklarini","tag-muleyha-el-atas-ve-busr-el-harir-beldelerini-de-abluka-altina-aldiklarini-ilan-etti","tag-ordu-ve-silahli-kuvvetlerimize-tabi-ordu-birliklerimizin-duzenledigi-basarili-operasyon-sonucunda-dera-kirsali-dogu-ve-bati-meskiyye","tag-resm-el-havabi"],"_links":{"self":[{"href":"https:\/\/archive.sana.sy\/tr\/index.php?rest_route=\/wp\/v2\/posts\/30228","targetHints":{"allow":["GET"]}}],"collection":[{"href":"https:\/\/archive.sana.sy\/tr\/index.php?rest_route=\/wp\/v2\/posts"}],"about":[{"href":"https:\/\/archive.sana.sy\/tr\/index.php?rest_route=\/wp\/v2\/types\/post"}],"author":[{"embeddable":true,"href":"https:\/\/archive.sana.sy\/tr\/index.php?rest_route=\/wp\/v2\/users\/1"}],"replies":[{"embeddable":true,"href":"https:\/\/archive.sana.sy\/tr\/index.php?rest_route=%2Fwp%2Fv2%2Fcomments&post=30228"}],"version-history":[{"count":0,"href":"https:\/\/archive.sana.sy\/tr\/index.php?rest_route=\/wp\/v2\/posts\/30228\/revisions"}],"wp:attachment":[{"href":"https:\/\/archive.sana.sy\/tr\/index.php?rest_route=%2Fwp%2Fv2%2Fmedia&parent=30228"}],"wp:term":[{"taxonomy":"category","embeddable":true,"href":"https:\/\/archive.sana.sy\/tr\/index.php?rest_route=%2Fwp%2Fv2%2Fcategories&post=30228"},{"taxonomy":"post_tag","embeddable":true,"href":"https:\/\/archive.sana.sy\/tr\/index.php?rest_route=%2Fwp%2Fv2%2Ftags&post=30228"}],"curies":[{"name":"wp","href":"https:\/\/api.w.org\/{rel}","templated":true}]}}