{"id":3023,"date":"2014-06-13T16:19:31","date_gmt":"2014-06-13T13:19:31","guid":{"rendered":"http:\/\/sanasyria.org\/tr\/?p=3023"},"modified":"2014-06-13T16:19:31","modified_gmt":"2014-06-13T13:19:31","slug":"ortak-paydalari-gelecegi-insa-etme-heyecani-oldu","status":"publish","type":"post","link":"https:\/\/archive.sana.sy\/tr\/?p=3023","title":{"rendered":"Ortak Paydalar\u0131 Gelece\u011fi \u0130n\u015fa Etme Heyecan\u0131 Oldu"},"content":{"rendered":"<p><span>\u015eAM \u2013<\/span> \u00dcniversite \u00f6\u011frencileri \u00f6zlemlerini, hayallerini, geleceklerini ve daha g\u00fczel yar\u0131nlar\u0131 kendi elleriyle in\u015fa edecekleri bilincini y\u00fcklenerek s\u0131nav yolunu tutuyorlar.<\/p>\n<p>Kimi m\u00fchendis olup yar\u0131n\u0131n binalar\u0131n\u0131 in\u015fa edecek, kimi \u00f6\u011fretmen olup gelecek nesilleri yeti\u015ftirecek, kimi de doktor olup hastalar\u0131 iyi edecek ama s\u0131nav salonlar\u0131na y\u00f6nelen b\u00fct\u00fcn \u00fcniversitelilerin ortak paydas\u0131 vatan\u0131n gelece\u011fini kendi elleriyle in\u015fa edecek olman\u0131n heyecan\u0131 oldu.<\/p>\n<p>\u00d6\u011fretim s\u00fcre\u00e7leri boyunca \u00f6\u011frendikleri her harfin vatan\u0131n gelece\u011fini in\u015fa eden bir tu\u011fla oldu\u011funun bilincinde olan \u00fcniversite \u00f6\u011frencileri son s\u00fcre\u00e7te vatan topraklar\u0131n\u0131 kana bulayan tekfirci karanl\u0131k d\u00fc\u015f\u00fcncelerin eseri olan ter\u00f6re kar\u015f\u0131 bilim ve e\u011fitimle b\u00fcy\u00fck bir zafere imza at\u0131yorlar.<\/p>\n","protected":false},"excerpt":{"rendered":"<p>\u015eAM \u2013 \u00dcniversite \u00f6\u011frencileri \u00f6zlemlerini, hayallerini, geleceklerini ve daha g\u00fczel yar\u0131nlar\u0131 kendi elleriyle in\u015fa edecekleri bilincini y\u00fcklenerek s\u0131nav yolunu tutuyorlar. Kimi m\u00fchendis olup yar\u0131n\u0131n binalar\u0131n\u0131 in\u015fa edecek, kimi \u00f6\u011fretmen olup gelecek nesilleri yeti\u015ftirecek, kimi de doktor olup hastalar\u0131 iyi edecek ama s\u0131nav salonlar\u0131na y\u00f6nelen b\u00fct\u00fcn \u00fcniversitelilerin ortak paydas\u0131 vatan\u0131n gelece\u011fini kendi elleriyle in\u015fa edecek olman\u0131n &hellip;<\/p>\n","protected":false},"author":1,"featured_media":3016,"comment_status":"closed","ping_status":"closed","sticky":false,"template":"","format":"standard","meta":{"footnotes":""},"categories":[1],"tags":[670],"class_list":["post-3023","post","type-post","status-publish","format-standard","has-post-thumbnail","","category-news-not-sorted","tag-ortak-paydalari-gelecegi-insa-etme-heyecani-oldu"],"_links":{"self":[{"href":"https:\/\/archive.sana.sy\/tr\/index.php?rest_route=\/wp\/v2\/posts\/3023","targetHints":{"allow":["GET"]}}],"collection":[{"href":"https:\/\/archive.sana.sy\/tr\/index.php?rest_route=\/wp\/v2\/posts"}],"about":[{"href":"https:\/\/archive.sana.sy\/tr\/index.php?rest_route=\/wp\/v2\/types\/post"}],"author":[{"embeddable":true,"href":"https:\/\/archive.sana.sy\/tr\/index.php?rest_route=\/wp\/v2\/users\/1"}],"replies":[{"embeddable":true,"href":"https:\/\/archive.sana.sy\/tr\/index.php?rest_route=%2Fwp%2Fv2%2Fcomments&post=3023"}],"version-history":[{"count":0,"href":"https:\/\/archive.sana.sy\/tr\/index.php?rest_route=\/wp\/v2\/posts\/3023\/revisions"}],"wp:featuredmedia":[{"embeddable":true,"href":"https:\/\/archive.sana.sy\/tr\/index.php?rest_route=\/wp\/v2\/media\/3016"}],"wp:attachment":[{"href":"https:\/\/archive.sana.sy\/tr\/index.php?rest_route=%2Fwp%2Fv2%2Fmedia&parent=3023"}],"wp:term":[{"taxonomy":"category","embeddable":true,"href":"https:\/\/archive.sana.sy\/tr\/index.php?rest_route=%2Fwp%2Fv2%2Fcategories&post=3023"},{"taxonomy":"post_tag","embeddable":true,"href":"https:\/\/archive.sana.sy\/tr\/index.php?rest_route=%2Fwp%2Fv2%2Ftags&post=3023"}],"curies":[{"name":"wp","href":"https:\/\/api.w.org\/{rel}","templated":true}]}}