{"id":302308,"date":"2024-05-24T09:45:29","date_gmt":"2024-05-24T06:45:29","guid":{"rendered":"https:\/\/sana.sy\/tr\/?p=302308"},"modified":"2024-05-26T11:18:22","modified_gmt":"2024-05-26T08:18:22","slug":"irak-direnisi-isgal-altindaki-topraklardaki-hayfa-limanindaki-israil-dusmanini-hedef-aldi","status":"publish","type":"post","link":"https:\/\/archive.sana.sy\/tr\/?p=302308","title":{"rendered":"Irak Direni\u015fi \u0130\u015fgal Alt\u0131ndaki Topraklardaki Hayfa Liman\u0131ndaki \u0130srail D\u00fc\u015fman\u0131n\u0131 Hedef Ald\u0131"},"content":{"rendered":"<p><strong>BA\u011eDAT (SANA)<\/strong> &#8211;\u00a0 Irak direni\u015fi, i\u015fgal alt\u0131ndaki Filistin topraklar\u0131ndaki Hayfa liman\u0131ndaki \u0130srail d\u00fc\u015fman\u0131n\u0131 insans\u0131z hava ara\u00e7lar\u0131yla hedef ald\u0131.<\/p>\n<p>Direni\u015f, yapt\u0131\u011f\u0131 a\u00e7\u0131klamada: &#8220;Gazze&#8217;deki i\u015fgale direnme ve halk\u0131m\u0131za destek ama\u00e7l\u0131 operasyonlar\u0131n ikinci a\u015famas\u0131n\u0131n devam\u0131nda ve Siyonistlerin savunmas\u0131z Filistinli sivillere y\u00f6nelik katliamlar\u0131na yan\u0131t olarak, Irak&#8217;taki direni\u015f sava\u015f\u00e7\u0131lar\u0131 bug\u00fcn \u015fafak vakti i\u015fgal alt\u0131ndaki topraklar\u0131m\u0131zdaki Hayfa liman\u0131n\u0131 dronlarla hedef ald\u0131&#8221; dedi.<\/p>\n<p style=\"text-align: center;\"><strong><a href=\"https:\/\/t.me\/SuriyeArapHaberAjansI\">Telegram Kanal\u0131m\u0131z\u00a0<\/a>||<a href=\"https:\/\/twitter.com\/arap_ajans\">X Platformumuz\u00a0<\/a>||<a href=\"https:\/\/www.facebook.com\/SANAHaberAjansi\/\">Facebook Sayfam\u0131z<\/a><\/strong><\/p>\n","protected":false},"excerpt":{"rendered":"<p>BA\u011eDAT (SANA) &#8211;\u00a0 Irak direni\u015fi, i\u015fgal alt\u0131ndaki Filistin topraklar\u0131ndaki Hayfa liman\u0131ndaki \u0130srail d\u00fc\u015fman\u0131n\u0131 insans\u0131z hava ara\u00e7lar\u0131yla hedef ald\u0131. Direni\u015f, yapt\u0131\u011f\u0131 a\u00e7\u0131klamada: &#8220;Gazze&#8217;deki i\u015fgale direnme ve halk\u0131m\u0131za destek ama\u00e7l\u0131 operasyonlar\u0131n ikinci a\u015famas\u0131n\u0131n devam\u0131nda ve Siyonistlerin savunmas\u0131z Filistinli sivillere y\u00f6nelik katliamlar\u0131na yan\u0131t olarak, Irak&#8217;taki direni\u015f sava\u015f\u00e7\u0131lar\u0131 bug\u00fcn \u015fafak vakti i\u015fgal alt\u0131ndaki topraklar\u0131m\u0131zdaki Hayfa liman\u0131n\u0131 dronlarla hedef ald\u0131&#8221; &hellip;<\/p>\n","protected":false},"author":36,"featured_media":302309,"comment_status":"closed","ping_status":"closed","sticky":false,"template":"","format":"standard","meta":{"footnotes":""},"categories":[458,459,17988],"tags":[],"class_list":["post-302308","post","type-post","status-publish","format-standard","has-post-thumbnail","","category-dunya1","category-haberler-arap-uluslararasi-politika","category-son-haberler"],"_links":{"self":[{"href":"https:\/\/archive.sana.sy\/tr\/index.php?rest_route=\/wp\/v2\/posts\/302308","targetHints":{"allow":["GET"]}}],"collection":[{"href":"https:\/\/archive.sana.sy\/tr\/index.php?rest_route=\/wp\/v2\/posts"}],"about":[{"href":"https:\/\/archive.sana.sy\/tr\/index.php?rest_route=\/wp\/v2\/types\/post"}],"author":[{"embeddable":true,"href":"https:\/\/archive.sana.sy\/tr\/index.php?rest_route=\/wp\/v2\/users\/36"}],"replies":[{"embeddable":true,"href":"https:\/\/archive.sana.sy\/tr\/index.php?rest_route=%2Fwp%2Fv2%2Fcomments&post=302308"}],"version-history":[{"count":1,"href":"https:\/\/archive.sana.sy\/tr\/index.php?rest_route=\/wp\/v2\/posts\/302308\/revisions"}],"predecessor-version":[{"id":302310,"href":"https:\/\/archive.sana.sy\/tr\/index.php?rest_route=\/wp\/v2\/posts\/302308\/revisions\/302310"}],"wp:featuredmedia":[{"embeddable":true,"href":"https:\/\/archive.sana.sy\/tr\/index.php?rest_route=\/wp\/v2\/media\/302309"}],"wp:attachment":[{"href":"https:\/\/archive.sana.sy\/tr\/index.php?rest_route=%2Fwp%2Fv2%2Fmedia&parent=302308"}],"wp:term":[{"taxonomy":"category","embeddable":true,"href":"https:\/\/archive.sana.sy\/tr\/index.php?rest_route=%2Fwp%2Fv2%2Fcategories&post=302308"},{"taxonomy":"post_tag","embeddable":true,"href":"https:\/\/archive.sana.sy\/tr\/index.php?rest_route=%2Fwp%2Fv2%2Ftags&post=302308"}],"curies":[{"name":"wp","href":"https:\/\/api.w.org\/{rel}","templated":true}]}}