{"id":302313,"date":"2024-05-24T10:51:26","date_gmt":"2024-05-24T07:51:26","guid":{"rendered":"https:\/\/sana.sy\/tr\/?p=302313"},"modified":"2024-05-25T11:33:49","modified_gmt":"2024-05-25T08:33:49","slug":"aksa-tufani-operasyonu-bugunun-en-one-cikan-gelismeleri-144","status":"publish","type":"post","link":"https:\/\/archive.sana.sy\/tr\/?p=302313","title":{"rendered":"Aksa Tufan\u0131 Operasyonu\u2026 Bug\u00fcn\u00fcn En \u00d6ne \u00c7\u0131kan Geli\u015fmeleri"},"content":{"rendered":"<ul>\n<li>\n<p style=\"text-align: justify;\"><strong>\u0130\u015eGAL ED\u0130LEN KUD\u00dcS (SANA) \u2013\u00a0<\/strong>Filistin direni\u015finin i\u015fgalci \u0130srail\u2019in sald\u0131rganl\u0131\u011f\u0131na yan\u0131t olarak 7 Ekim\u2019de ba\u015flatt\u0131\u011f\u0131 Aksa Tufan\u0131 Operasyonu\u2019nda \u00f6ne \u00e7\u0131kan geli\u015fmeler:<\/p>\n<ul>\n<li style=\"text-align: justify;\">Uluslararas\u0131 Adalet Divan\u0131 \u0130srail i\u015fgaline Refah&#8217;a y\u00f6nelik sald\u0131rganl\u0131\u011f\u0131n\u0131 derhal durdurma emri Verdi.<\/li>\n<li style=\"text-align: justify;\">Filistin direni\u015fi \u201cYasin 105\u201d f\u00fczesi ile Gazze \u015eeridi&#8217;nin g\u00fcneyindeki Refah \u015fehrinin do\u011fusundaki askeri buldozeri, \u201c107\u201d g\u00fcd\u00fcml\u00fc f\u00fczesi ile ise Gazze \u015eehri&#8217;ndeki d\u00fc\u015fman askerlerinin topland\u0131\u011f\u0131 b\u00f6lgeyi hedef ald\u0131.<\/li>\n<li style=\"text-align: justify;\">Filistin medyas\u0131: \u0130srail d\u00fc\u015fman ke\u015fif u\u00e7a\u011f\u0131n\u0131n Gazze \u015eeridi&#8217;nin merkezindeki Nuseyrat kamp\u0131n\u0131n bat\u0131s\u0131ndaki El Re\u015fid Caddesi&#8217;nde bir grup Filistinliyi hedef almas\u0131 sonucu 5 \u015fehit.<\/li>\n<li style=\"text-align: justify;\">Filistin direni\u015fi, Gazze \u015eeridi&#8217;nin g\u00fcneyindeki Refah kentindeki Selahaddin Kap\u0131s\u0131 yak\u0131nlar\u0131nda Siyonist d\u00fc\u015fman tank\u0131n\u0131 &#8220;Yasin 105&#8221; ve &#8220;Tandum&#8221; mermileriyle askeri buldozeri hedef ald\u0131.<\/li>\n<li style=\"text-align: justify;\">Filistin direni\u015fi \u00f6zel bir Siyonist g\u00fcc\u00fc t\u00fcnel a\u00e7\u0131kl\u0131\u011f\u0131na \u00e7ekiyor, \u00fcyeleriyle s\u0131f\u0131r noktas\u0131ndan \u00e7at\u0131\u015f\u0131yor ve onlarla birlikte bir anti-personel cihaz\u0131n\u0131 patlatarak onlar\u0131 kuzey Gazze \u015eeridi&#8217;ndeki Cabaliya kamp\u0131n\u0131n kuzeyinde \u00f6l\u00fc ve yaral\u0131 b\u0131rakt\u0131.<\/li>\n<li style=\"text-align: justify;\">Filistin direni\u015fi, Gazze \u015eeridi&#8217;nin kuzeyindeki Cabaliya m\u00fclteci kamp\u0131ndaki ElKasayib mahallesinde Siyonist d\u00fc\u015fman Merkava 4 tank\u0131n\u0131 \u201c\u015eavaz\u201d cihaz\u0131yla havaya u\u00e7urdu.<\/li>\n<li style=\"text-align: justify;\">Filistin medyas\u0131: \u0130srail i\u015fgalinin Gazze \u015eeridi&#8217;nin merkezindeki El Zuveyda kasabas\u0131n\u0131n bat\u0131s\u0131ndaki evleri bombalamas\u0131 sonucu iki \u015fehit ve \u00e7ok say\u0131da yaral\u0131.<\/li>\n<li style=\"text-align: justify;\">\u0130\u015fgalin Gazze \u015eeridi&#8217;nin \u00e7e\u015fitli b\u00f6lgelerini bombalamas\u0131 sonucu en az 15 \u015fehit.<\/li>\n<\/ul>\n<\/li>\n<\/ul>\n<p style=\"text-align: center;\"><strong><a href=\"https:\/\/t.me\/SuriyeArapHaberAjansI\">Telegram Kanal\u0131m\u0131z\u00a0<\/a>||<a href=\"https:\/\/twitter.com\/arap_ajans\">X Platformumuz\u00a0<\/a>||<a href=\"https:\/\/www.facebook.com\/SANAHaberAjansi\/\">Facebook Sayfam\u0131z<\/a><\/strong><\/p>\n","protected":false},"excerpt":{"rendered":"<p>\u0130\u015eGAL ED\u0130LEN KUD\u00dcS (SANA) \u2013\u00a0Filistin direni\u015finin i\u015fgalci \u0130srail\u2019in sald\u0131rganl\u0131\u011f\u0131na yan\u0131t olarak 7 Ekim\u2019de ba\u015flatt\u0131\u011f\u0131 Aksa Tufan\u0131 Operasyonu\u2019nda \u00f6ne \u00e7\u0131kan geli\u015fmeler: Uluslararas\u0131 Adalet Divan\u0131 \u0130srail i\u015fgaline Refah&#8217;a y\u00f6nelik sald\u0131rganl\u0131\u011f\u0131n\u0131 derhal durdurma emri Verdi. Filistin direni\u015fi \u201cYasin 105\u201d f\u00fczesi ile Gazze \u015eeridi&#8217;nin g\u00fcneyindeki Refah \u015fehrinin do\u011fusundaki askeri buldozeri, \u201c107\u201d g\u00fcd\u00fcml\u00fc f\u00fczesi ile ise Gazze \u015eehri&#8217;ndeki d\u00fc\u015fman askerlerinin &hellip;<\/p>\n","protected":false},"author":36,"featured_media":302314,"comment_status":"closed","ping_status":"closed","sticky":false,"template":"","format":"standard","meta":{"footnotes":""},"categories":[458,459,17988],"tags":[],"class_list":["post-302313","post","type-post","status-publish","format-standard","has-post-thumbnail","","category-dunya1","category-haberler-arap-uluslararasi-politika","category-son-haberler"],"_links":{"self":[{"href":"https:\/\/archive.sana.sy\/tr\/index.php?rest_route=\/wp\/v2\/posts\/302313","targetHints":{"allow":["GET"]}}],"collection":[{"href":"https:\/\/archive.sana.sy\/tr\/index.php?rest_route=\/wp\/v2\/posts"}],"about":[{"href":"https:\/\/archive.sana.sy\/tr\/index.php?rest_route=\/wp\/v2\/types\/post"}],"author":[{"embeddable":true,"href":"https:\/\/archive.sana.sy\/tr\/index.php?rest_route=\/wp\/v2\/users\/36"}],"replies":[{"embeddable":true,"href":"https:\/\/archive.sana.sy\/tr\/index.php?rest_route=%2Fwp%2Fv2%2Fcomments&post=302313"}],"version-history":[{"count":2,"href":"https:\/\/archive.sana.sy\/tr\/index.php?rest_route=\/wp\/v2\/posts\/302313\/revisions"}],"predecessor-version":[{"id":302316,"href":"https:\/\/archive.sana.sy\/tr\/index.php?rest_route=\/wp\/v2\/posts\/302313\/revisions\/302316"}],"wp:featuredmedia":[{"embeddable":true,"href":"https:\/\/archive.sana.sy\/tr\/index.php?rest_route=\/wp\/v2\/media\/302314"}],"wp:attachment":[{"href":"https:\/\/archive.sana.sy\/tr\/index.php?rest_route=%2Fwp%2Fv2%2Fmedia&parent=302313"}],"wp:term":[{"taxonomy":"category","embeddable":true,"href":"https:\/\/archive.sana.sy\/tr\/index.php?rest_route=%2Fwp%2Fv2%2Fcategories&post=302313"},{"taxonomy":"post_tag","embeddable":true,"href":"https:\/\/archive.sana.sy\/tr\/index.php?rest_route=%2Fwp%2Fv2%2Ftags&post=302313"}],"curies":[{"name":"wp","href":"https:\/\/api.w.org\/{rel}","templated":true}]}}