{"id":302372,"date":"2024-05-25T16:58:46","date_gmt":"2024-05-25T13:58:46","guid":{"rendered":"https:\/\/sana.sy\/tr\/?p=302372"},"modified":"2024-05-29T08:51:23","modified_gmt":"2024-05-29T05:51:23","slug":"cuper-demokratik-kore-cumhuriyeti-ile-japonya-arasindaki-maclara-katilacak-ilk-suriye-futbol-takiminin-listesini-acikladi","status":"publish","type":"post","link":"https:\/\/archive.sana.sy\/tr\/?p=302372","title":{"rendered":"Cuper, Demokratik Kore Cumhuriyeti \u0130le Japonya Aras\u0131ndaki Ma\u00e7lara Kat\u0131lacak \u0130lk Suriye Futbol Tak\u0131m\u0131n\u0131n Listesini A\u00e7\u0131klad\u0131"},"content":{"rendered":"<p style=\"text-align: justify;\"><strong>\u015eAM (SANA)<\/strong> &#8211;\u00a0 Suriye milli futbol tak\u0131m\u0131n\u0131n teknik direkt\u00f6r\u00fc Arjantinli Hector Cuper, D\u00fcnya Kupas\u0131 ve Asya Kupas\u0131 elemeleri kapsam\u0131nda gelecek ay\u0131n ba\u015f\u0131nda Laos&#8217;ta Kore Demokratik Cumhuriyeti&#8217;ne ve Hiro\u015fima&#8217;da Japonya&#8217;ya kar\u015f\u0131 oynayacaklar\u0131 listeyi a\u00e7\u0131klad\u0131.<\/p>\n<p style=\"text-align: justify;\">Tak\u0131m\u0131n kadrosunda \u015fu isimler yer ald\u0131: \u2018\u2019Ahmed Medeniye, \u0130sibyan Halil, \u0130lyas Hadaya, Meksi Sarraf, \u0130miliyano Amor, Sair Karuma, \u00d6mer Meydani, Mueyyed Accan, Mueyyed El Huli, Abdulrahman Veis, \u00d6mer Caninat, Halil \u0130lyas, Muhammed Anaz, \u0130zakil El Am, Fahd El Yusuf, Elmar \u0130brahim, Ammar Ramadan, Muhud El Esved, Daliho \u0130ranssit, Muhammed El Hallak, \u00d6mer El Suma, Alaa El Dali, Tubias El Kadi ve \u0130brahim Hisiyar.<\/p>\n<p style=\"text-align: center;\"><strong><a href=\"https:\/\/t.me\/SuriyeArapHaberAjansI\">Telegram Kanal\u0131m\u0131z\u00a0<\/a>||<a href=\"https:\/\/twitter.com\/arap_ajans\">X Platformumuz\u00a0<\/a>||<a href=\"https:\/\/www.facebook.com\/SANAHaberAjansi\/\">Facebook Sayfam\u0131z<\/a><\/strong><\/p>\n","protected":false},"excerpt":{"rendered":"<p>\u015eAM (SANA) &#8211;\u00a0 Suriye milli futbol tak\u0131m\u0131n\u0131n teknik direkt\u00f6r\u00fc Arjantinli Hector Cuper, D\u00fcnya Kupas\u0131 ve Asya Kupas\u0131 elemeleri kapsam\u0131nda gelecek ay\u0131n ba\u015f\u0131nda Laos&#8217;ta Kore Demokratik Cumhuriyeti&#8217;ne ve Hiro\u015fima&#8217;da Japonya&#8217;ya kar\u015f\u0131 oynayacaklar\u0131 listeyi a\u00e7\u0131klad\u0131. Tak\u0131m\u0131n kadrosunda \u015fu isimler yer ald\u0131: \u2018\u2019Ahmed Medeniye, \u0130sibyan Halil, \u0130lyas Hadaya, Meksi Sarraf, \u0130miliyano Amor, Sair Karuma, \u00d6mer Meydani, Mueyyed Accan, &hellip;<\/p>\n","protected":false},"author":41,"featured_media":302373,"comment_status":"closed","ping_status":"closed","sticky":false,"template":"","format":"standard","meta":{"footnotes":""},"categories":[498,17988,496],"tags":[41028,41511],"class_list":["post-302372","post","type-post","status-publish","format-standard","has-post-thumbnail","","category-dunya-turnuvalari","category-son-haberler","category-spor","tag-cuper","tag-demokratik-kore-cumhuriyeti-ile-japonya-arasindaki-maclara-katilacak-ilk-suriye-futbol-takiminin-listesini-acikladi"],"_links":{"self":[{"href":"https:\/\/archive.sana.sy\/tr\/index.php?rest_route=\/wp\/v2\/posts\/302372","targetHints":{"allow":["GET"]}}],"collection":[{"href":"https:\/\/archive.sana.sy\/tr\/index.php?rest_route=\/wp\/v2\/posts"}],"about":[{"href":"https:\/\/archive.sana.sy\/tr\/index.php?rest_route=\/wp\/v2\/types\/post"}],"author":[{"embeddable":true,"href":"https:\/\/archive.sana.sy\/tr\/index.php?rest_route=\/wp\/v2\/users\/41"}],"replies":[{"embeddable":true,"href":"https:\/\/archive.sana.sy\/tr\/index.php?rest_route=%2Fwp%2Fv2%2Fcomments&post=302372"}],"version-history":[{"count":1,"href":"https:\/\/archive.sana.sy\/tr\/index.php?rest_route=\/wp\/v2\/posts\/302372\/revisions"}],"predecessor-version":[{"id":302374,"href":"https:\/\/archive.sana.sy\/tr\/index.php?rest_route=\/wp\/v2\/posts\/302372\/revisions\/302374"}],"wp:featuredmedia":[{"embeddable":true,"href":"https:\/\/archive.sana.sy\/tr\/index.php?rest_route=\/wp\/v2\/media\/302373"}],"wp:attachment":[{"href":"https:\/\/archive.sana.sy\/tr\/index.php?rest_route=%2Fwp%2Fv2%2Fmedia&parent=302372"}],"wp:term":[{"taxonomy":"category","embeddable":true,"href":"https:\/\/archive.sana.sy\/tr\/index.php?rest_route=%2Fwp%2Fv2%2Fcategories&post=302372"},{"taxonomy":"post_tag","embeddable":true,"href":"https:\/\/archive.sana.sy\/tr\/index.php?rest_route=%2Fwp%2Fv2%2Ftags&post=302372"}],"curies":[{"name":"wp","href":"https:\/\/api.w.org\/{rel}","templated":true}]}}