{"id":302438,"date":"2024-05-27T09:37:30","date_gmt":"2024-05-27T06:37:30","guid":{"rendered":"https:\/\/sana.sy\/tr\/?p=302438"},"modified":"2024-05-28T11:03:03","modified_gmt":"2024-05-28T08:03:03","slug":"isgalci-israilin-refahta-gerceklestirdigi-yeni-katliam-sonucu-40tan-fazla-sehit-ve-cok-sayida-yarali","status":"publish","type":"post","link":"https:\/\/archive.sana.sy\/tr\/?p=302438","title":{"rendered":"\u0130\u015fgalci \u0130srail\u2019in Refah&#8217;ta Ger\u00e7ekle\u015ftirdi\u011fi Yeni Katliam Sonucu 40&#8217;tan Fazla \u015eehit Ve \u00c7ok Say\u0131da Yaral\u0131"},"content":{"rendered":"<p><strong>\u0130\u015eGAL ED\u0130LEN KUD\u00dcS (SANA) \u2013<\/strong> i\u015fgalci \u0130srail, Refah \u015fehrinin kuzeybat\u0131s\u0131nda Filistinli m\u00fcltecilerin kald\u0131\u011f\u0131 \u00e7ad\u0131rlar\u0131 Amerika bombalar\u0131yla bombalayarak yeni bir sava\u015f su\u00e7u ve soyk\u0131r\u0131m i\u015fledi.<\/p>\n<p>Katliam, \u00e7o\u011funlu\u011fu kad\u0131n ve \u00e7ocuk olmak \u00fczere 40&#8217;tan fazla ki\u015finin \u015fehit d\u00fc\u015fmesine, onlarca ki\u015finin yaralanmas\u0131na, Filistinli m\u00fcltecilerin \u00e7ad\u0131rlar\u0131n\u0131 ve mallar\u0131n\u0131 yok eden b\u00fcy\u00fck yang\u0131nlar\u0131n \u00e7\u0131kmas\u0131na neden oldu.<\/p>\n<p>Filistin Sa\u011fl\u0131k Bakanl\u0131\u011f\u0131, &#8220;Refah \u015fehrinde bu kadar \u00e7ok say\u0131da insan\u0131 bar\u0131nd\u0131rabilecek bir hastanenin bulunmamas\u0131 nedeniyle ambulans ekipleri \u015fehit ve yaral\u0131lar\u0131 ta\u015f\u0131yam\u0131yor&#8221; dedi.<\/p>\n<p style=\"text-align: center;\"><strong><a href=\"https:\/\/t.me\/SuriyeArapHaberAjansI\">Telegram Kanal\u0131m\u0131z\u00a0<\/a>||<a href=\"https:\/\/twitter.com\/arap_ajans\">X Platformumuz\u00a0<\/a>||<a href=\"https:\/\/www.facebook.com\/SANAHaberAjansi\/\">Facebook Sayfam\u0131z<\/a><\/strong><\/p>\n","protected":false},"excerpt":{"rendered":"<p>\u0130\u015eGAL ED\u0130LEN KUD\u00dcS (SANA) \u2013 i\u015fgalci \u0130srail, Refah \u015fehrinin kuzeybat\u0131s\u0131nda Filistinli m\u00fcltecilerin kald\u0131\u011f\u0131 \u00e7ad\u0131rlar\u0131 Amerika bombalar\u0131yla bombalayarak yeni bir sava\u015f su\u00e7u ve soyk\u0131r\u0131m i\u015fledi. Katliam, \u00e7o\u011funlu\u011fu kad\u0131n ve \u00e7ocuk olmak \u00fczere 40&#8217;tan fazla ki\u015finin \u015fehit d\u00fc\u015fmesine, onlarca ki\u015finin yaralanmas\u0131na, Filistinli m\u00fcltecilerin \u00e7ad\u0131rlar\u0131n\u0131 ve mallar\u0131n\u0131 yok eden b\u00fcy\u00fck yang\u0131nlar\u0131n \u00e7\u0131kmas\u0131na neden oldu. Filistin Sa\u011fl\u0131k Bakanl\u0131\u011f\u0131, &#8220;Refah &hellip;<\/p>\n","protected":false},"author":39,"featured_media":302439,"comment_status":"closed","ping_status":"closed","sticky":false,"template":"","format":"standard","meta":{"footnotes":""},"categories":[458,459,17988],"tags":[],"class_list":["post-302438","post","type-post","status-publish","format-standard","has-post-thumbnail","","category-dunya1","category-haberler-arap-uluslararasi-politika","category-son-haberler"],"_links":{"self":[{"href":"https:\/\/archive.sana.sy\/tr\/index.php?rest_route=\/wp\/v2\/posts\/302438","targetHints":{"allow":["GET"]}}],"collection":[{"href":"https:\/\/archive.sana.sy\/tr\/index.php?rest_route=\/wp\/v2\/posts"}],"about":[{"href":"https:\/\/archive.sana.sy\/tr\/index.php?rest_route=\/wp\/v2\/types\/post"}],"author":[{"embeddable":true,"href":"https:\/\/archive.sana.sy\/tr\/index.php?rest_route=\/wp\/v2\/users\/39"}],"replies":[{"embeddable":true,"href":"https:\/\/archive.sana.sy\/tr\/index.php?rest_route=%2Fwp%2Fv2%2Fcomments&post=302438"}],"version-history":[{"count":1,"href":"https:\/\/archive.sana.sy\/tr\/index.php?rest_route=\/wp\/v2\/posts\/302438\/revisions"}],"predecessor-version":[{"id":302440,"href":"https:\/\/archive.sana.sy\/tr\/index.php?rest_route=\/wp\/v2\/posts\/302438\/revisions\/302440"}],"wp:featuredmedia":[{"embeddable":true,"href":"https:\/\/archive.sana.sy\/tr\/index.php?rest_route=\/wp\/v2\/media\/302439"}],"wp:attachment":[{"href":"https:\/\/archive.sana.sy\/tr\/index.php?rest_route=%2Fwp%2Fv2%2Fmedia&parent=302438"}],"wp:term":[{"taxonomy":"category","embeddable":true,"href":"https:\/\/archive.sana.sy\/tr\/index.php?rest_route=%2Fwp%2Fv2%2Fcategories&post=302438"},{"taxonomy":"post_tag","embeddable":true,"href":"https:\/\/archive.sana.sy\/tr\/index.php?rest_route=%2Fwp%2Fv2%2Ftags&post=302438"}],"curies":[{"name":"wp","href":"https:\/\/api.w.org\/{rel}","templated":true}]}}