{"id":302444,"date":"2024-05-27T05:40:32","date_gmt":"2024-05-27T02:40:32","guid":{"rendered":"https:\/\/sana.sy\/tr\/?p=302444"},"modified":"2024-05-28T11:02:59","modified_gmt":"2024-05-28T08:02:59","slug":"lubnan-direnisi-mergalyut-yerlesimindeki-israil-dusmanini-hedef-aldi","status":"publish","type":"post","link":"https:\/\/archive.sana.sy\/tr\/?p=302444","title":{"rendered":"L\u00fcbnan Direni\u015fi Mer\u011flyut Yerle\u015fimindeki \u0130srail D\u00fc\u015fman\u0131n\u0131 Hedef Ald\u0131"},"content":{"rendered":"<p style=\"text-align: justify;\"><strong>BEYRUT (SANA) \u2013<\/strong> Bug\u00fcn L\u00fcbnan direni\u015fi i\u015fgal edilen Filistin&#8217;in kuzeyindeki Mer\u011flyut yerle\u015fimindeki \u0130srail d\u00fc\u015fman\u0131n\u0131 uygun silahlarla hedef alarak do\u011frudan kay\u0131plar\u0131na yol a\u00e7t\u0131.<\/p>\n<p style=\"text-align: justify;\">Direni\u015f, yapt\u0131\u011f\u0131 a\u00e7\u0131klamada, bug\u00fcn Mer\u011flyut kolonisinde \u0130srail d\u00fc\u015fman askerlerinin kulland\u0131\u011f\u0131 bir binay\u0131 uygun silahlarla hedef ald\u0131\u011f\u0131n\u0131 ve yaralanmalar\u0131n oldu\u011fu do\u011fruland\u0131\u011f\u0131n\u0131 belirtti.<\/p>\n<p style=\"text-align: justify;\">L\u00fcbnan direni\u015fi, bu operasyonun, Gazze \u015eeridi&#8217;ndeki kararl\u0131 Filistin halk\u0131na verilen s\u00fcrekli destek \u00e7er\u00e7evesinde, cesur ve onurlu direni\u015fine destek olarak ve \u0130srail d\u00fc\u015fman\u0131n\u0131n g\u00fcneydeki kararl\u0131 k\u00f6ylere ve g\u00fcvenli evlere y\u00f6nelik sald\u0131r\u0131lar\u0131na yan\u0131t olarak ger\u00e7ekle\u015fti\u011fine i\u015faret etti.<\/p>\n<p style=\"text-align: center;\"><strong><a href=\"https:\/\/t.me\/SuriyeArapHaberAjansI\">Telegram Kanal\u0131m\u0131z\u00a0<\/a>||<a href=\"https:\/\/twitter.com\/arap_ajans\">X Platformumuz\u00a0<\/a>||<a href=\"https:\/\/www.facebook.com\/SANAHaberAjansi\/\">Facebook Sayfam\u0131z<\/a><\/strong><\/p>\n","protected":false},"excerpt":{"rendered":"<p>BEYRUT (SANA) \u2013 Bug\u00fcn L\u00fcbnan direni\u015fi i\u015fgal edilen Filistin&#8217;in kuzeyindeki Mer\u011flyut yerle\u015fimindeki \u0130srail d\u00fc\u015fman\u0131n\u0131 uygun silahlarla hedef alarak do\u011frudan kay\u0131plar\u0131na yol a\u00e7t\u0131. Direni\u015f, yapt\u0131\u011f\u0131 a\u00e7\u0131klamada, bug\u00fcn Mer\u011flyut kolonisinde \u0130srail d\u00fc\u015fman askerlerinin kulland\u0131\u011f\u0131 bir binay\u0131 uygun silahlarla hedef ald\u0131\u011f\u0131n\u0131 ve yaralanmalar\u0131n oldu\u011fu do\u011fruland\u0131\u011f\u0131n\u0131 belirtti. L\u00fcbnan direni\u015fi, bu operasyonun, Gazze \u015eeridi&#8217;ndeki kararl\u0131 Filistin halk\u0131na verilen s\u00fcrekli destek &hellip;<\/p>\n","protected":false},"author":39,"featured_media":302445,"comment_status":"closed","ping_status":"closed","sticky":false,"template":"","format":"standard","meta":{"footnotes":""},"categories":[458,459,17988],"tags":[],"class_list":["post-302444","post","type-post","status-publish","format-standard","has-post-thumbnail","","category-dunya1","category-haberler-arap-uluslararasi-politika","category-son-haberler"],"_links":{"self":[{"href":"https:\/\/archive.sana.sy\/tr\/index.php?rest_route=\/wp\/v2\/posts\/302444","targetHints":{"allow":["GET"]}}],"collection":[{"href":"https:\/\/archive.sana.sy\/tr\/index.php?rest_route=\/wp\/v2\/posts"}],"about":[{"href":"https:\/\/archive.sana.sy\/tr\/index.php?rest_route=\/wp\/v2\/types\/post"}],"author":[{"embeddable":true,"href":"https:\/\/archive.sana.sy\/tr\/index.php?rest_route=\/wp\/v2\/users\/39"}],"replies":[{"embeddable":true,"href":"https:\/\/archive.sana.sy\/tr\/index.php?rest_route=%2Fwp%2Fv2%2Fcomments&post=302444"}],"version-history":[{"count":7,"href":"https:\/\/archive.sana.sy\/tr\/index.php?rest_route=\/wp\/v2\/posts\/302444\/revisions"}],"predecessor-version":[{"id":302452,"href":"https:\/\/archive.sana.sy\/tr\/index.php?rest_route=\/wp\/v2\/posts\/302444\/revisions\/302452"}],"wp:featuredmedia":[{"embeddable":true,"href":"https:\/\/archive.sana.sy\/tr\/index.php?rest_route=\/wp\/v2\/media\/302445"}],"wp:attachment":[{"href":"https:\/\/archive.sana.sy\/tr\/index.php?rest_route=%2Fwp%2Fv2%2Fmedia&parent=302444"}],"wp:term":[{"taxonomy":"category","embeddable":true,"href":"https:\/\/archive.sana.sy\/tr\/index.php?rest_route=%2Fwp%2Fv2%2Fcategories&post=302444"},{"taxonomy":"post_tag","embeddable":true,"href":"https:\/\/archive.sana.sy\/tr\/index.php?rest_route=%2Fwp%2Fv2%2Ftags&post=302444"}],"curies":[{"name":"wp","href":"https:\/\/api.w.org\/{rel}","templated":true}]}}