{"id":302453,"date":"2024-05-27T12:04:47","date_gmt":"2024-05-27T09:04:47","guid":{"rendered":"https:\/\/sana.sy\/tr\/?p=302453"},"modified":"2024-05-28T11:03:13","modified_gmt":"2024-05-28T08:03:13","slug":"isgalci-israilin-gazze-seridinin-cesitli-bolgelerini-bombalamasinda-6-sehit-ve-cok-sayida-yarali","status":"publish","type":"post","link":"https:\/\/archive.sana.sy\/tr\/?p=302453","title":{"rendered":"\u0130\u015fgalci \u0130srail&#8217;in Gazze \u015eeridi&#8217;nin \u00c7e\u015fitli B\u00f6lgelerini Bombalamas\u0131nda 6 \u015eehit Ve \u00c7ok Say\u0131da Yaral\u0131"},"content":{"rendered":"<p style=\"text-align: justify;\"><strong>\u0130\u015eGAL ED\u0130LEN KUD\u00dcS (SANA) \u2013<\/strong> \u0130srail&#8217;in i\u015fgal alt\u0131ndaki Gazze \u015eeridi&#8217;ne y\u00f6nelik 234&#8217;\u00fcnc\u00fc g\u00fcn\u00fcnde devam eden i\u015fgal sald\u0131rganl\u0131klar\u0131 sonucunda bug\u00fcn 6 Filistinli \u015fehit d\u00fc\u015ft\u00fc, \u00e7ok say\u0131da ki\u015fi de yaraland\u0131.<\/p>\n<p style=\"text-align: justify;\">WAFA Haber Ajans\u0131, i\u015fgal u\u00e7aklar\u0131n\u0131n Gazze \u015fehrinin kuzeyindeki El Zarka b\u00f6lgesinde bir evi bombalad\u0131\u011f\u0131n\u0131, 5 Filistinlinin \u015fehit d\u00fc\u015ft\u00fc\u011f\u00fcn\u00fc, di\u011ferlerinin de yaraland\u0131\u011f\u0131n\u0131 ve Gazze \u015eeridi&#8217;nin merkezindeki Bureij kamp\u0131ndaki bir evi bombalayarak bir Filistinliyi \u015fehit d\u00fc\u015ft\u00fc\u011f\u00fcn\u00fc ve di\u011ferlerini de yaralad\u0131\u011f\u0131n\u0131 bildirdi.<\/p>\n<p style=\"text-align: justify;\">\u0130\u015fgalci top\u00e7usu, Gazze \u015eeridi&#8217;nin kuzeyindeki Cebeliye kamp\u0131ndaki El Faluce b\u00f6lgesini, Refah&#8217;\u0131n merkezi ve g\u00fcneyindeki Ke\u015fta mahallesi ve Yebne kamp\u0131n\u0131, Gazze \u015eehri&#8217;ndeki El Zeytun, Sabra ve Tel El Hava mahallelerini bombalad\u0131 ve i\u015fgal u\u00e7aklar\u0131 Gazze \u015fehrin g\u00fcneybat\u0131 b\u00f6lgelerine ate\u015f a\u00e7t\u0131.<\/p>\n<p style=\"text-align: justify;\">\u0130\u015fgalci ara\u00e7lar\u0131 ayr\u0131ca, Gazze \u015eeridi&#8217;nin ortas\u0131ndaki El Me\u011fazi kamp\u0131n\u0131n do\u011fusuna girerken, h\u00fccumbotlar\u0131 da Han Yunus \u015fehrinin kuzeybat\u0131s\u0131ndaki El Karara a\u00e7\u0131klar\u0131nda denizdeki bal\u0131k\u00e7\u0131 teknelerine a\u011f\u0131r makineli t\u00fcfeklerle ate\u015f a\u00e7t\u0131.<\/p>\n<p style=\"text-align: center;\"><strong><a href=\"https:\/\/t.me\/SuriyeArapHaberAjansI\">Telegram Kanal\u0131m\u0131z\u00a0<\/a>||<a href=\"https:\/\/twitter.com\/arap_ajans\">X Platformumuz\u00a0<\/a>||<a href=\"https:\/\/www.facebook.com\/SANAHaberAjansi\/\">Facebook Sayfam\u0131z<\/a><\/strong><\/p>\n","protected":false},"excerpt":{"rendered":"<p>\u0130\u015eGAL ED\u0130LEN KUD\u00dcS (SANA) \u2013 \u0130srail&#8217;in i\u015fgal alt\u0131ndaki Gazze \u015eeridi&#8217;ne y\u00f6nelik 234&#8217;\u00fcnc\u00fc g\u00fcn\u00fcnde devam eden i\u015fgal sald\u0131rganl\u0131klar\u0131 sonucunda bug\u00fcn 6 Filistinli \u015fehit d\u00fc\u015ft\u00fc, \u00e7ok say\u0131da ki\u015fi de yaraland\u0131. WAFA Haber Ajans\u0131, i\u015fgal u\u00e7aklar\u0131n\u0131n Gazze \u015fehrinin kuzeyindeki El Zarka b\u00f6lgesinde bir evi bombalad\u0131\u011f\u0131n\u0131, 5 Filistinlinin \u015fehit d\u00fc\u015ft\u00fc\u011f\u00fcn\u00fc, di\u011ferlerinin de yaraland\u0131\u011f\u0131n\u0131 ve Gazze \u015eeridi&#8217;nin merkezindeki Bureij kamp\u0131ndaki &hellip;<\/p>\n","protected":false},"author":39,"featured_media":302454,"comment_status":"closed","ping_status":"closed","sticky":false,"template":"","format":"standard","meta":{"footnotes":""},"categories":[458,459,17988],"tags":[],"class_list":["post-302453","post","type-post","status-publish","format-standard","has-post-thumbnail","","category-dunya1","category-haberler-arap-uluslararasi-politika","category-son-haberler"],"_links":{"self":[{"href":"https:\/\/archive.sana.sy\/tr\/index.php?rest_route=\/wp\/v2\/posts\/302453","targetHints":{"allow":["GET"]}}],"collection":[{"href":"https:\/\/archive.sana.sy\/tr\/index.php?rest_route=\/wp\/v2\/posts"}],"about":[{"href":"https:\/\/archive.sana.sy\/tr\/index.php?rest_route=\/wp\/v2\/types\/post"}],"author":[{"embeddable":true,"href":"https:\/\/archive.sana.sy\/tr\/index.php?rest_route=\/wp\/v2\/users\/39"}],"replies":[{"embeddable":true,"href":"https:\/\/archive.sana.sy\/tr\/index.php?rest_route=%2Fwp%2Fv2%2Fcomments&post=302453"}],"version-history":[{"count":2,"href":"https:\/\/archive.sana.sy\/tr\/index.php?rest_route=\/wp\/v2\/posts\/302453\/revisions"}],"predecessor-version":[{"id":302487,"href":"https:\/\/archive.sana.sy\/tr\/index.php?rest_route=\/wp\/v2\/posts\/302453\/revisions\/302487"}],"wp:featuredmedia":[{"embeddable":true,"href":"https:\/\/archive.sana.sy\/tr\/index.php?rest_route=\/wp\/v2\/media\/302454"}],"wp:attachment":[{"href":"https:\/\/archive.sana.sy\/tr\/index.php?rest_route=%2Fwp%2Fv2%2Fmedia&parent=302453"}],"wp:term":[{"taxonomy":"category","embeddable":true,"href":"https:\/\/archive.sana.sy\/tr\/index.php?rest_route=%2Fwp%2Fv2%2Fcategories&post=302453"},{"taxonomy":"post_tag","embeddable":true,"href":"https:\/\/archive.sana.sy\/tr\/index.php?rest_route=%2Fwp%2Fv2%2Ftags&post=302453"}],"curies":[{"name":"wp","href":"https:\/\/api.w.org\/{rel}","templated":true}]}}