{"id":302463,"date":"2024-05-27T15:34:02","date_gmt":"2024-05-27T12:34:02","guid":{"rendered":"https:\/\/sana.sy\/tr\/?p=302463"},"modified":"2024-05-29T08:51:41","modified_gmt":"2024-05-29T05:51:41","slug":"cumhurbaskani-esadin-adina-disisleri-bakaninin-danismani-seyyid-hasan-nasrullahin-annesinin-olumu-nedeniyle-bassagligi-diledi","status":"publish","type":"post","link":"https:\/\/archive.sana.sy\/tr\/?p=302463","title":{"rendered":"Cumhurba\u015fkan\u0131 Esad\u2019\u0131n Ad\u0131na&#8230; D\u0131\u015fi\u015fleri Bakan\u0131&#8217;n\u0131n Dan\u0131\u015fman\u0131, Seyyid Hasan Nasrullah&#8217;\u0131n Annesinin Vefat\u0131 Nedeniyle Ba\u015fsa\u011fl\u0131\u011f\u0131 Diledi"},"content":{"rendered":"<p style=\"text-align: justify;\"><strong>BEYRUT (SANA) &#8211;\u00a0 <\/strong>D\u0131\u015fi\u015fleri Bakan\u0131 Dan\u0131\u015fman\u0131 ve L\u00fcbnan \u0130\u015flerinden Sorumlu, Suriye\u2019nin Eski L\u00fcbnan B\u00fcy\u00fckel\u00e7isi Ali Abdulkerim Ali, Say\u0131n Cumhurba\u015fkan\u0131 Be\u015f\u015far Esad\u2019\u0131n ad\u0131na Hizbullah \u00a0Genel Sekreteri Seyyid Hasan Nasrullah\u2019\u0131n annesi Say\u0131n \u201c\u00dcmm\u00fc Hassan\u201d\u0131n vefat\u0131 nedeniyle taziyelerini sundu.<\/p>\n<p style=\"text-align: justify;\">Dan\u0131\u015fman Ali, merhumun e\u015fi, \u00a0Seyyid Hasan\u2019\u0131n babas\u0131 say\u0131n \u00a0Abdulkerim Nasrullah ve Hizbullah liderleri, temsilcileri ve parti ve ulusal g\u00fc\u00e7lerden olu\u015fan geni\u015f bir yelpazeden olu\u015fan bakanlar\u0131n huzurunda taziyelerini sundu.<\/p>\n<p style=\"text-align: justify;\">Say\u0131n Abdulkerim Nasrullah ve Hizbullah Y\u00fcr\u00fctme Konseyi Ba\u015fkan\u0131 Say\u0131n Ha\u015fim Safi El Din, Say\u0131n Cumhurba\u015fkan\u0131n\u0131n taziyelerinden dolay\u0131 takdir ve \u015f\u00fckranlar\u0131n\u0131 sunarak, Y\u00fcce Allah&#8217;tan, Ekselanslar\u0131n\u0131n liderli\u011finde Suriye i\u00e7in g\u00fcvenlik ve zafer dilediler.<\/p>\n<p style=\"text-align: center;\"><strong><a href=\"https:\/\/t.me\/SuriyeArapHaberAjansI\">Telegram Kanal\u0131m\u0131z\u00a0<\/a>||<a href=\"https:\/\/twitter.com\/arap_ajans\">X Platformumuz\u00a0<\/a>||<a href=\"https:\/\/www.facebook.com\/SANAHaberAjansi\/\">Facebook Sayfam\u0131z<\/a><\/strong><\/p>\n","protected":false},"excerpt":{"rendered":"<p>BEYRUT (SANA) &#8211;\u00a0 D\u0131\u015fi\u015fleri Bakan\u0131 Dan\u0131\u015fman\u0131 ve L\u00fcbnan \u0130\u015flerinden Sorumlu, Suriye\u2019nin Eski L\u00fcbnan B\u00fcy\u00fckel\u00e7isi Ali Abdulkerim Ali, Say\u0131n Cumhurba\u015fkan\u0131 Be\u015f\u015far Esad\u2019\u0131n ad\u0131na Hizbullah \u00a0Genel Sekreteri Seyyid Hasan Nasrullah\u2019\u0131n annesi Say\u0131n \u201c\u00dcmm\u00fc Hassan\u201d\u0131n vefat\u0131 nedeniyle taziyelerini sundu. Dan\u0131\u015fman Ali, merhumun e\u015fi, \u00a0Seyyid Hasan\u2019\u0131n babas\u0131 say\u0131n \u00a0Abdulkerim Nasrullah ve Hizbullah liderleri, temsilcileri ve parti ve ulusal g\u00fc\u00e7lerden &hellip;<\/p>\n","protected":false},"author":41,"featured_media":302464,"comment_status":"closed","ping_status":"closed","sticky":false,"template":"","format":"standard","meta":{"footnotes":""},"categories":[458,608,459,605,17988],"tags":[41521,41522],"class_list":["post-302463","post","type-post","status-publish","format-standard","has-post-thumbnail","","category-dunya1","category-etkinlikler","category-haberler-arap-uluslararasi-politika","category-sayin-cumhurbaskani","category-son-haberler","tag-cumhurbaskani-esadin-adina-disisleri-bakaninin-danismani","tag-seyyid-hasan-nasrullahin-annesinin-olumu-nedeniyle-bassagligi-diledi"],"_links":{"self":[{"href":"https:\/\/archive.sana.sy\/tr\/index.php?rest_route=\/wp\/v2\/posts\/302463","targetHints":{"allow":["GET"]}}],"collection":[{"href":"https:\/\/archive.sana.sy\/tr\/index.php?rest_route=\/wp\/v2\/posts"}],"about":[{"href":"https:\/\/archive.sana.sy\/tr\/index.php?rest_route=\/wp\/v2\/types\/post"}],"author":[{"embeddable":true,"href":"https:\/\/archive.sana.sy\/tr\/index.php?rest_route=\/wp\/v2\/users\/41"}],"replies":[{"embeddable":true,"href":"https:\/\/archive.sana.sy\/tr\/index.php?rest_route=%2Fwp%2Fv2%2Fcomments&post=302463"}],"version-history":[{"count":2,"href":"https:\/\/archive.sana.sy\/tr\/index.php?rest_route=\/wp\/v2\/posts\/302463\/revisions"}],"predecessor-version":[{"id":302466,"href":"https:\/\/archive.sana.sy\/tr\/index.php?rest_route=\/wp\/v2\/posts\/302463\/revisions\/302466"}],"wp:featuredmedia":[{"embeddable":true,"href":"https:\/\/archive.sana.sy\/tr\/index.php?rest_route=\/wp\/v2\/media\/302464"}],"wp:attachment":[{"href":"https:\/\/archive.sana.sy\/tr\/index.php?rest_route=%2Fwp%2Fv2%2Fmedia&parent=302463"}],"wp:term":[{"taxonomy":"category","embeddable":true,"href":"https:\/\/archive.sana.sy\/tr\/index.php?rest_route=%2Fwp%2Fv2%2Fcategories&post=302463"},{"taxonomy":"post_tag","embeddable":true,"href":"https:\/\/archive.sana.sy\/tr\/index.php?rest_route=%2Fwp%2Fv2%2Ftags&post=302463"}],"curies":[{"name":"wp","href":"https:\/\/api.w.org\/{rel}","templated":true}]}}