{"id":302474,"date":"2024-05-27T17:17:33","date_gmt":"2024-05-27T14:17:33","guid":{"rendered":"https:\/\/sana.sy\/tr\/?p=302474"},"modified":"2024-05-29T08:51:44","modified_gmt":"2024-05-29T05:51:44","slug":"cin-ukrayna-konusunda-tum-taraflarin-katilimiyla-bir-baris-konferansi-duzenlenmesi-cagrisinda-bulundu","status":"publish","type":"post","link":"https:\/\/archive.sana.sy\/tr\/?p=302474","title":{"rendered":"\u00c7in, Ukrayna Konusunda T\u00fcm Taraflar\u0131n Kat\u0131l\u0131m\u0131yla Bir Bar\u0131\u015f Konferans\u0131 D\u00fczenlenmesi \u00c7a\u011fr\u0131s\u0131nda Bulundu"},"content":{"rendered":"<p style=\"text-align: justify;\"><strong>PEK\u0130N (SANA)<\/strong> &#8211; \u00a0\u00c7in, Ukrayna krizinin \u00e7\u00f6z\u00fcm\u00fc i\u00e7in hem Moskova hem de Kiev taraf\u0131ndan tan\u0131nan ve t\u00fcm taraflar\u0131n e\u015fit kat\u0131l\u0131m\u0131yla uluslararas\u0131 bir bar\u0131\u015f konferans\u0131 d\u00fczenlenmesine deste\u011fini a\u00e7\u0131klad\u0131.<\/p>\n<p style=\"text-align: justify;\">RIA Novosti, \u00c7in D\u0131\u015fi\u015fleri Bakanl\u0131\u011f\u0131 s\u00f6zc\u00fcs\u00fc Mao Ning&#8217;in bug\u00fcn d\u00fczenledi\u011fi bas\u0131n toplant\u0131s\u0131nda, \u00a0&#8220;\u00c7in, Ukrayna krizine ili\u015fkin her zaman objektif ve adil bir tutum sergiledi ve ayn\u0131 zamanda uzla\u015fma ve m\u00fczakerelerin te\u015fvik edilmesinde \u0131srar etti&#8221; diyerek, \u00fclkesinin bu krize siyasi bir \u00e7\u00f6z\u00fcm bulmak i\u00e7in uluslararas\u0131 toplumla birlikte \u00e7al\u0131\u015fmaya devam etmeye haz\u0131r oldu\u011funu ifade etti\u00fcini aktard\u0131.<\/p>\n<p style=\"text-align: justify;\">Rusya&#8217;n\u0131n kat\u0131lmad\u0131\u011f\u0131 Ukrayna ile ilgili \u0130svi\u00e7re&#8217;de yap\u0131lmas\u0131 planlanan konferansa \u00c7in&#8217;in temsilci g\u00f6nderip g\u00f6ndermeyece\u011fi y\u00f6n\u00fcndeki soruya yan\u0131t olarak Ning \u015fu ifadeleri kulland\u0131: \u00a0\u201c\u00c7in hen\u00fcz bu t\u00fcr bir kat\u0131l\u0131mla ilgili resmi bir a\u00e7\u0131klama yay\u0131nlamad\u0131.\u201d<\/p>\n<p style=\"text-align: center;\"><strong><a href=\"https:\/\/t.me\/SuriyeArapHaberAjansI\">Telegram Kanal\u0131m\u0131z\u00a0<\/a>||<a href=\"https:\/\/twitter.com\/arap_ajans\">X Platformumuz\u00a0<\/a>||<a href=\"https:\/\/www.facebook.com\/SANAHaberAjansi\/\">Facebook Sayfam\u0131z<\/a><\/strong><\/p>\n","protected":false},"excerpt":{"rendered":"<p>PEK\u0130N (SANA) &#8211; \u00a0\u00c7in, Ukrayna krizinin \u00e7\u00f6z\u00fcm\u00fc i\u00e7in hem Moskova hem de Kiev taraf\u0131ndan tan\u0131nan ve t\u00fcm taraflar\u0131n e\u015fit kat\u0131l\u0131m\u0131yla uluslararas\u0131 bir bar\u0131\u015f konferans\u0131 d\u00fczenlenmesine deste\u011fini a\u00e7\u0131klad\u0131. RIA Novosti, \u00c7in D\u0131\u015fi\u015fleri Bakanl\u0131\u011f\u0131 s\u00f6zc\u00fcs\u00fc Mao Ning&#8217;in bug\u00fcn d\u00fczenledi\u011fi bas\u0131n toplant\u0131s\u0131nda, \u00a0&#8220;\u00c7in, Ukrayna krizine ili\u015fkin her zaman objektif ve adil bir tutum sergiledi ve ayn\u0131 zamanda uzla\u015fma &hellip;<\/p>\n","protected":false},"author":41,"featured_media":302475,"comment_status":"closed","ping_status":"closed","sticky":false,"template":"","format":"standard","meta":{"footnotes":""},"categories":[458,459,17988],"tags":[4349,41524],"class_list":["post-302474","post","type-post","status-publish","format-standard","has-post-thumbnail","","category-dunya1","category-haberler-arap-uluslararasi-politika","category-son-haberler","tag-cin","tag-ukrayna-konusunda-tum-taraflarin-katilimiyla-bir-baris-konferansi-duzenlenmesi-cagrisinda-bulundu"],"_links":{"self":[{"href":"https:\/\/archive.sana.sy\/tr\/index.php?rest_route=\/wp\/v2\/posts\/302474","targetHints":{"allow":["GET"]}}],"collection":[{"href":"https:\/\/archive.sana.sy\/tr\/index.php?rest_route=\/wp\/v2\/posts"}],"about":[{"href":"https:\/\/archive.sana.sy\/tr\/index.php?rest_route=\/wp\/v2\/types\/post"}],"author":[{"embeddable":true,"href":"https:\/\/archive.sana.sy\/tr\/index.php?rest_route=\/wp\/v2\/users\/41"}],"replies":[{"embeddable":true,"href":"https:\/\/archive.sana.sy\/tr\/index.php?rest_route=%2Fwp%2Fv2%2Fcomments&post=302474"}],"version-history":[{"count":1,"href":"https:\/\/archive.sana.sy\/tr\/index.php?rest_route=\/wp\/v2\/posts\/302474\/revisions"}],"predecessor-version":[{"id":302476,"href":"https:\/\/archive.sana.sy\/tr\/index.php?rest_route=\/wp\/v2\/posts\/302474\/revisions\/302476"}],"wp:featuredmedia":[{"embeddable":true,"href":"https:\/\/archive.sana.sy\/tr\/index.php?rest_route=\/wp\/v2\/media\/302475"}],"wp:attachment":[{"href":"https:\/\/archive.sana.sy\/tr\/index.php?rest_route=%2Fwp%2Fv2%2Fmedia&parent=302474"}],"wp:term":[{"taxonomy":"category","embeddable":true,"href":"https:\/\/archive.sana.sy\/tr\/index.php?rest_route=%2Fwp%2Fv2%2Fcategories&post=302474"},{"taxonomy":"post_tag","embeddable":true,"href":"https:\/\/archive.sana.sy\/tr\/index.php?rest_route=%2Fwp%2Fv2%2Ftags&post=302474"}],"curies":[{"name":"wp","href":"https:\/\/api.w.org\/{rel}","templated":true}]}}