{"id":302480,"date":"2024-05-27T05:14:40","date_gmt":"2024-05-27T02:14:40","guid":{"rendered":"https:\/\/sana.sy\/tr\/?p=302480"},"modified":"2024-05-28T11:02:55","modified_gmt":"2024-05-28T08:02:55","slug":"iran-uluslararasi-topluma-refahtaki-siyonist-isgal-katliamina-yanit-verme-cagrisinda-bulundu","status":"publish","type":"post","link":"https:\/\/archive.sana.sy\/tr\/?p=302480","title":{"rendered":"\u0130ran, Uluslararas\u0131 Topluma Refah&#8217;taki Siyonist \u0130\u015fgal Katliam\u0131na Yan\u0131t Verme \u00c7a\u011fr\u0131s\u0131nda Bulundu"},"content":{"rendered":"<p style=\"text-align: justify;\"><strong>NEW YORK (SANA)<\/strong> &#8211;\u00a0 \u0130ran D\u0131\u015fi\u015fleri Bakanl\u0131\u011f\u0131 bug\u00fcn, \u0130srail i\u015fgal g\u00fc\u00e7lerinin Gazze \u015eeridi&#8217;nin g\u00fcneyindeki Refah kentinde yerlerinden edilmi\u015f Filistinlilerin \u00e7ad\u0131rlar\u0131n\u0131 bombalayarak i\u015fledi\u011fi vah\u015fi su\u00e7u k\u0131nad\u0131.<\/p>\n<p style=\"text-align: justify;\">Bakanl\u0131k s\u00f6zc\u00fcs\u00fc Nas\u0131r Kenani, X platformundaki hesab\u0131nda, \u00a0&#8220;Siyonist varl\u0131\u011f\u0131n ger\u00e7ekle\u015ftirdi\u011fi bu vah\u015fi su\u00e7, uluslararas\u0131 toplumun g\u00fc\u00e7l\u00fc bir \u015fekilde k\u0131nanmas\u0131n\u0131 ve pratik tepki vermesini gerektirmektedir&#8221; \u00a0diyerek,\u00a0 bunun sava\u015f su\u00e7lar\u0131n\u0131n a\u00e7\u0131k bir \u00f6rne\u011fi oldu\u011funa ve Uluslararas\u0131 Adalet Divan\u0131 karar\u0131n\u0131n a\u00e7\u0131k bir ihlali oldu\u011funa dikkat \u00e7ekti.<\/p>\n<p style=\"text-align: justify;\">Kenani ayr\u0131ca, \u00e7ocuklar\u0131 \u00f6ld\u00fcren Siyonist olu\u015fumun, sahada a\u015fa\u011f\u0131lay\u0131c\u0131 yenilgiler ald\u0131\u011f\u0131nda Filistinli sivillere kar\u015f\u0131 bu t\u00fcr vah\u015fi sava\u015f su\u00e7lar\u0131na ba\u015fvurdu\u011funu kaydetti.<\/p>\n<p style=\"text-align: center;\"><strong><a href=\"https:\/\/t.me\/SuriyeArapHaberAjansI\">Telegram Kanal\u0131m\u0131z\u00a0<\/a>||<a href=\"https:\/\/twitter.com\/arap_ajans\">X Platformumuz\u00a0<\/a>||<a href=\"https:\/\/www.facebook.com\/SANAHaberAjansi\/\">Facebook Sayfam\u0131z<\/a><\/strong><\/p>\n","protected":false},"excerpt":{"rendered":"<p>NEW YORK (SANA) &#8211;\u00a0 \u0130ran D\u0131\u015fi\u015fleri Bakanl\u0131\u011f\u0131 bug\u00fcn, \u0130srail i\u015fgal g\u00fc\u00e7lerinin Gazze \u015eeridi&#8217;nin g\u00fcneyindeki Refah kentinde yerlerinden edilmi\u015f Filistinlilerin \u00e7ad\u0131rlar\u0131n\u0131 bombalayarak i\u015fledi\u011fi vah\u015fi su\u00e7u k\u0131nad\u0131. Bakanl\u0131k s\u00f6zc\u00fcs\u00fc Nas\u0131r Kenani, X platformundaki hesab\u0131nda, \u00a0&#8220;Siyonist varl\u0131\u011f\u0131n ger\u00e7ekle\u015ftirdi\u011fi bu vah\u015fi su\u00e7, uluslararas\u0131 toplumun g\u00fc\u00e7l\u00fc bir \u015fekilde k\u0131nanmas\u0131n\u0131 ve pratik tepki vermesini gerektirmektedir&#8221; \u00a0diyerek,\u00a0 bunun sava\u015f su\u00e7lar\u0131n\u0131n a\u00e7\u0131k bir &hellip;<\/p>\n","protected":false},"author":41,"featured_media":302481,"comment_status":"closed","ping_status":"closed","sticky":false,"template":"","format":"standard","meta":{"footnotes":""},"categories":[458,459,17988],"tags":[3915,41526],"class_list":["post-302480","post","type-post","status-publish","format-standard","has-post-thumbnail","","category-dunya1","category-haberler-arap-uluslararasi-politika","category-son-haberler","tag-iran","tag-uluslararasi-topluma-refahtaki-siyonist-isgal-katliamina-yanit-verme-cagrisinda-bulundu"],"_links":{"self":[{"href":"https:\/\/archive.sana.sy\/tr\/index.php?rest_route=\/wp\/v2\/posts\/302480","targetHints":{"allow":["GET"]}}],"collection":[{"href":"https:\/\/archive.sana.sy\/tr\/index.php?rest_route=\/wp\/v2\/posts"}],"about":[{"href":"https:\/\/archive.sana.sy\/tr\/index.php?rest_route=\/wp\/v2\/types\/post"}],"author":[{"embeddable":true,"href":"https:\/\/archive.sana.sy\/tr\/index.php?rest_route=\/wp\/v2\/users\/41"}],"replies":[{"embeddable":true,"href":"https:\/\/archive.sana.sy\/tr\/index.php?rest_route=%2Fwp%2Fv2%2Fcomments&post=302480"}],"version-history":[{"count":1,"href":"https:\/\/archive.sana.sy\/tr\/index.php?rest_route=\/wp\/v2\/posts\/302480\/revisions"}],"predecessor-version":[{"id":302482,"href":"https:\/\/archive.sana.sy\/tr\/index.php?rest_route=\/wp\/v2\/posts\/302480\/revisions\/302482"}],"wp:featuredmedia":[{"embeddable":true,"href":"https:\/\/archive.sana.sy\/tr\/index.php?rest_route=\/wp\/v2\/media\/302481"}],"wp:attachment":[{"href":"https:\/\/archive.sana.sy\/tr\/index.php?rest_route=%2Fwp%2Fv2%2Fmedia&parent=302480"}],"wp:term":[{"taxonomy":"category","embeddable":true,"href":"https:\/\/archive.sana.sy\/tr\/index.php?rest_route=%2Fwp%2Fv2%2Fcategories&post=302480"},{"taxonomy":"post_tag","embeddable":true,"href":"https:\/\/archive.sana.sy\/tr\/index.php?rest_route=%2Fwp%2Fv2%2Ftags&post=302480"}],"curies":[{"name":"wp","href":"https:\/\/api.w.org\/{rel}","templated":true}]}}