{"id":302521,"date":"2024-05-28T18:37:36","date_gmt":"2024-05-28T15:37:36","guid":{"rendered":"https:\/\/sana.sy\/tr\/?p=302521"},"modified":"2024-05-30T10:44:16","modified_gmt":"2024-05-30T07:44:16","slug":"cumhurbaskani-esad-sosyal-dayanisma-ve-kalkinma-fonu-temsilcilerine-kucuk-projeler-suriyenin-ekonomik-ve-finansal-ortamina-daha-uygundur","status":"publish","type":"post","link":"https:\/\/archive.sana.sy\/tr\/?p=302521","title":{"rendered":"Cumhurba\u015fkan\u0131 Esad&#8217;dan, Sosyal Dayan\u0131\u015fma Ve Kalk\u0131nma Fonu Temsilcilerine: K\u00fc\u00e7\u00fck Projeler Suriye&#8217;nin Ekonomik Ve Finansal Ortam\u0131na Daha Uygundur"},"content":{"rendered":"<p style=\"text-align: justify;\"><strong>\u015eAM (SANA)<\/strong> &#8211; Cumhurba\u015fkan\u0131 Be\u015f\u015far Esad&#8217;\u0131n Sosyal Dayan\u0131\u015fma ve Kalk\u0131nma Fonu temsilcileriyle ve Fondan yararlanan geni\u015f bir grubun kat\u0131l\u0131m\u0131yla ger\u00e7ekle\u015ftirdi\u011fi diyalog, Suriye ve d\u00fcnyan\u0131n bir\u00e7ok \u00fclkesinin tan\u0131k oldu\u011fu ekonomik zorluklar \u0131\u015f\u0131\u011f\u0131nda Fonun kalk\u0131nma deneyimine odakland\u0131.<\/p>\n<p style=\"text-align: justify;\"><img loading=\"lazy\" decoding=\"async\" class=\"size-full wp-image-302523 alignright\" src=\"http:\/\/sana.sy\/tr\/wp-content\/uploads\/2024\/05\/02-1-300x169-1.jpg\" alt=\"\" width=\"300\" height=\"169\" \/>Diyalog, ekonominin temel dayana\u011f\u0131 ve en \u00f6nemli kalk\u0131nma ara\u00e7lar\u0131 olan k\u00fc\u00e7\u00fck projelerin portal\u0131 ve bunlar\u0131n en \u00f6nemli ve uygun idari ve yasal gereksinimlerinin sa\u011flanmas\u0131na y\u00f6nelik bir tak\u0131m \u00f6nerilerin tart\u0131\u015f\u0131lmas\u0131yla ba\u015flad\u0131.<\/p>\n<p style=\"text-align: justify;\">Cumhurba\u015fkan\u0131 Esad diyalogda, k\u00fc\u00e7\u00fck projelerin Suriye&#8217;nin ekonomik ve finansal ortam\u0131na daha uygun oldu\u011funu, \u00e7\u00fcnk\u00fc daha karma\u015f\u0131k bir ortam ve daha b\u00fcy\u00fck gereksinimler gerektiren b\u00fcy\u00fck yat\u0131r\u0131mlar\u0131n aksine, en fazla say\u0131da Suriyelinin ekonomik olarak g\u00fc\u00e7lendirilmesi i\u00e7in yatay geni\u015flemenin yolunu a\u00e7t\u0131\u011f\u0131n\u0131 vurgulayarak, gen\u00e7leri, i\u015f f\u0131rsatlar\u0131n\u0131 ve \u00fcretimlerini desteklemek, ya\u015fam ya\u015fam\u0131n\u0131n zorluklar\u0131yla y\u00fczle\u015fmek ve kapsaml\u0131 ekonomik kalk\u0131nmay\u0131 desteklemek i\u00e7in Dayan\u0131\u015fma Fonu benzeri kalk\u0131nma fonlar\u0131 kurmaya \u00e7al\u0131\u015fman\u0131n \u00f6nemine dikkat \u00e7ekti.<\/p>\n<p style=\"text-align: justify;\">Say\u0131n Cumhurba\u015fkan\u0131 Esad ayr\u0131ca, Fonun deneyiminin \u00f6neminin ekonomik olarak, g\u00fcn\u00fcm\u00fczde temellerini, yasal gerekliliklerini, idari ve d\u00fczenleyici ortam\u0131n\u0131 olu\u015fturmak i\u00e7in \u00e7al\u0131\u015fan devletin bir e\u011filimini temsil eden k\u00fc\u00e7\u00fck ve mikro projeler fikrinden kaynakland\u0131\u011f\u0131na dikkat \u00e7ekti.<\/p>\n<p style=\"text-align: justify;\">Sosyal adalet kavram\u0131n\u0131n bir sonraki a\u015fama i\u00e7in sosyal ekonomik y\u00f6nelimin kimli\u011fini \u015fekillendiren bir ba\u015fl\u0131k olarak ve bunun vatanda\u015fl\u0131k, kimlik ve aidiyet kavramlar\u0131yla ili\u015fkisinden bahseden Cumhurba\u015fkan\u0131 Esad, toplumun t\u00fcm kesimlerinde, trendlerin olu\u015fturulmas\u0131nda ve politika ve programlar\u0131n olu\u015fturulmas\u0131nda devletin bir orta\u011f\u0131 olarak sorumluluklar\u0131n\u0131 \u00fcstlenmesinin gereklili\u011fini de vurgulad\u0131.<\/p>\n<p style=\"text-align: justify;\">Sosyal Dayan\u0131\u015fma ve Kalk\u0131nma Fonu programlar\u0131ndan yararlananlar, deneyimlerini ve k\u00fc\u00e7\u00fck projelerin kar\u015f\u0131la\u015ft\u0131\u011f\u0131 en belirgin zorluklar\u0131 aktard\u0131 ve bu zorluklara \u00e7\u00f6z\u00fcm olarak bir\u00e7ok \u00f6neride bulundu.<\/p>\n<div id='gallery-1' class='gallery galleryid-302521 gallery-columns-1 gallery-size-full'><figure class='gallery-item'>\n\t\t\t<div class='gallery-icon landscape'>\n\t\t\t\t<a href='https:\/\/archive.sana.sy\/tr\/?attachment_id=302524'><img loading=\"lazy\" decoding=\"async\" width=\"1200\" height=\"502\" src=\"https:\/\/archive.sana.sy\/tr\/wp-content\/uploads\/2024\/05\/3-15.jpg\" class=\"attachment-full size-full\" alt=\"\" srcset=\"https:\/\/archive.sana.sy\/tr\/wp-content\/uploads\/2024\/05\/3-15.jpg 1200w, https:\/\/archive.sana.sy\/tr\/wp-content\/uploads\/2024\/05\/3-15-300x126.jpg 300w, https:\/\/archive.sana.sy\/tr\/wp-content\/uploads\/2024\/05\/3-15-1024x428.jpg 1024w, https:\/\/archive.sana.sy\/tr\/wp-content\/uploads\/2024\/05\/3-15-768x321.jpg 768w\" sizes=\"auto, (max-width: 1200px) 100vw, 1200px\" \/><\/a>\n\t\t\t<\/div><\/figure><figure class='gallery-item'>\n\t\t\t<div class='gallery-icon landscape'>\n\t\t\t\t<a href='https:\/\/archive.sana.sy\/tr\/?attachment_id=302525'><img loading=\"lazy\" decoding=\"async\" width=\"1200\" height=\"566\" src=\"https:\/\/archive.sana.sy\/tr\/wp-content\/uploads\/2024\/05\/2-19.jpg\" class=\"attachment-full size-full\" alt=\"\" srcset=\"https:\/\/archive.sana.sy\/tr\/wp-content\/uploads\/2024\/05\/2-19.jpg 1200w, https:\/\/archive.sana.sy\/tr\/wp-content\/uploads\/2024\/05\/2-19-300x142.jpg 300w, https:\/\/archive.sana.sy\/tr\/wp-content\/uploads\/2024\/05\/2-19-1024x483.jpg 1024w, https:\/\/archive.sana.sy\/tr\/wp-content\/uploads\/2024\/05\/2-19-768x362.jpg 768w\" sizes=\"auto, (max-width: 1200px) 100vw, 1200px\" \/><\/a>\n\t\t\t<\/div><\/figure><figure class='gallery-item'>\n\t\t\t<div class='gallery-icon landscape'>\n\t\t\t\t<a href='https:\/\/archive.sana.sy\/tr\/?attachment_id=302526'><img loading=\"lazy\" decoding=\"async\" width=\"1200\" height=\"479\" src=\"https:\/\/archive.sana.sy\/tr\/wp-content\/uploads\/2024\/05\/1-24.jpg\" class=\"attachment-full size-full\" alt=\"\" srcset=\"https:\/\/archive.sana.sy\/tr\/wp-content\/uploads\/2024\/05\/1-24.jpg 1200w, https:\/\/archive.sana.sy\/tr\/wp-content\/uploads\/2024\/05\/1-24-300x120.jpg 300w, https:\/\/archive.sana.sy\/tr\/wp-content\/uploads\/2024\/05\/1-24-1024x409.jpg 1024w, https:\/\/archive.sana.sy\/tr\/wp-content\/uploads\/2024\/05\/1-24-768x307.jpg 768w\" sizes=\"auto, (max-width: 1200px) 100vw, 1200px\" \/><\/a>\n\t\t\t<\/div><\/figure>\n\t\t<\/div>\n\n<p style=\"text-align: center;\"><strong><a href=\"https:\/\/t.me\/SuriyeArapHaberAjansI\">Telegram Kanal\u0131m\u0131z\u00a0<\/a><span style=\"color: #ff0000;\">||<\/span><a href=\"https:\/\/twitter.com\/arap_ajans\">X Platformumuz\u00a0<\/a><span style=\"color: #ff0000;\">||<\/span><a href=\"https:\/\/www.facebook.com\/SANAHaberAjansi\/\">Facebook Sayfam\u0131z<\/a><\/strong><\/p>\n<p style=\"text-align: justify;\">\n","protected":false},"excerpt":{"rendered":"<p>\u015eAM (SANA) &#8211; Cumhurba\u015fkan\u0131 Be\u015f\u015far Esad&#8217;\u0131n Sosyal Dayan\u0131\u015fma ve Kalk\u0131nma Fonu temsilcileriyle ve Fondan yararlanan geni\u015f bir grubun kat\u0131l\u0131m\u0131yla ger\u00e7ekle\u015ftirdi\u011fi diyalog, Suriye ve d\u00fcnyan\u0131n bir\u00e7ok \u00fclkesinin tan\u0131k oldu\u011fu ekonomik zorluklar \u0131\u015f\u0131\u011f\u0131nda Fonun kalk\u0131nma deneyimine odakland\u0131. Diyalog, ekonominin temel dayana\u011f\u0131 ve en \u00f6nemli kalk\u0131nma ara\u00e7lar\u0131 olan k\u00fc\u00e7\u00fck projelerin portal\u0131 ve bunlar\u0131n en \u00f6nemli ve uygun idari &hellip;<\/p>\n","protected":false},"author":41,"featured_media":302522,"comment_status":"closed","ping_status":"closed","sticky":false,"template":"","format":"standard","meta":{"footnotes":""},"categories":[606,6459,605,17988],"tags":[41535,38219],"class_list":["post-302521","post","type-post","status-publish","format-standard","has-post-thumbnail","","category-cumhurbaskani","category-sana-fotolarl","category-sayin-cumhurbaskani","category-son-haberler","tag-sosyal-dayanisma-ve-kalkinma-fonu-temsilcilerine-kucuk-projeler-suriyenin-ekonomik-ve-finansal-ortamina-daha-uygundur","tag-cumhurbaskani-esad"],"_links":{"self":[{"href":"https:\/\/archive.sana.sy\/tr\/index.php?rest_route=\/wp\/v2\/posts\/302521","targetHints":{"allow":["GET"]}}],"collection":[{"href":"https:\/\/archive.sana.sy\/tr\/index.php?rest_route=\/wp\/v2\/posts"}],"about":[{"href":"https:\/\/archive.sana.sy\/tr\/index.php?rest_route=\/wp\/v2\/types\/post"}],"author":[{"embeddable":true,"href":"https:\/\/archive.sana.sy\/tr\/index.php?rest_route=\/wp\/v2\/users\/41"}],"replies":[{"embeddable":true,"href":"https:\/\/archive.sana.sy\/tr\/index.php?rest_route=%2Fwp%2Fv2%2Fcomments&post=302521"}],"version-history":[{"count":7,"href":"https:\/\/archive.sana.sy\/tr\/index.php?rest_route=\/wp\/v2\/posts\/302521\/revisions"}],"predecessor-version":[{"id":302542,"href":"https:\/\/archive.sana.sy\/tr\/index.php?rest_route=\/wp\/v2\/posts\/302521\/revisions\/302542"}],"wp:featuredmedia":[{"embeddable":true,"href":"https:\/\/archive.sana.sy\/tr\/index.php?rest_route=\/wp\/v2\/media\/302522"}],"wp:attachment":[{"href":"https:\/\/archive.sana.sy\/tr\/index.php?rest_route=%2Fwp%2Fv2%2Fmedia&parent=302521"}],"wp:term":[{"taxonomy":"category","embeddable":true,"href":"https:\/\/archive.sana.sy\/tr\/index.php?rest_route=%2Fwp%2Fv2%2Fcategories&post=302521"},{"taxonomy":"post_tag","embeddable":true,"href":"https:\/\/archive.sana.sy\/tr\/index.php?rest_route=%2Fwp%2Fv2%2Ftags&post=302521"}],"curies":[{"name":"wp","href":"https:\/\/api.w.org\/{rel}","templated":true}]}}