{"id":302587,"date":"2024-05-29T18:14:32","date_gmt":"2024-05-29T15:14:32","guid":{"rendered":"https:\/\/sana.sy\/tr\/?p=302587"},"modified":"2024-05-31T09:10:39","modified_gmt":"2024-05-31T06:10:39","slug":"cumhurbaskani-esadin-himayesinde-ic-guvenlik-gucleri-yetmis-dokuzuncu-kurulus-yildonumunu-kutladi","status":"publish","type":"post","link":"https:\/\/archive.sana.sy\/tr\/?p=302587","title":{"rendered":"Cumhurba\u015fkan\u0131 Esad&#8217;\u0131n Himayesinde&#8230; \u0130\u00e7 G\u00fcvenlik G\u00fc\u00e7leri Yetmi\u015f Dokuzuncu Kurulu\u015f Y\u0131ld\u00f6n\u00fcm\u00fcn\u00fc Kutlad\u0131"},"content":{"rendered":"<p style=\"text-align: justify;\"><strong>\u015eAM (SANA<\/strong>) &#8211; Cumhurba\u015fkan\u0131 Be\u015f\u015far Esad&#8217;\u0131n himayesinde,\u00a0 \u0130\u00e7i\u015fleri Bakanl\u0131\u011f\u0131, Meclis polis ve jandarma garnizonunun 29 May\u0131s 1945&#8217;te Frans\u0131z s\u00f6m\u00fcrgecili\u011finin elinde \u015fehit d\u00fc\u015fmesi an\u0131s\u0131na, \u0130\u00e7 G\u00fcvenlik G\u00fc\u00e7leri G\u00fcn\u00fc&#8217;n\u00fcn <img loading=\"lazy\" decoding=\"async\" class=\"size-full wp-image-302589 alignright\" src=\"http:\/\/sana.sy\/tr\/wp-content\/uploads\/2024\/05\/DSC_0787-copy-300x200-1.jpg\" alt=\"\" width=\"300\" height=\"200\" \/>yetmi\u015f dokuzuncu y\u0131ld\u00f6n\u00fcm\u00fcn\u00fc bug\u00fcn and\u0131.<\/p>\n<p style=\"text-align: justify;\">\u0130\u00e7i\u015fleri Bakan\u0131 T\u00fcmgeneral Muhammed Rahmun, Bakanl\u0131k binas\u0131nda d\u00fczenlenen kutlamada yapt\u0131\u011f\u0131 konu\u015fmada, \u00a0her Suriyelinin y\u00fcre\u011finde yer eden bu vesileyle, Cumhurba\u015fkan\u0131 Be\u015f\u015far Esad&#8217;\u0131n selamlar\u0131n\u0131, sevgisini ve takdirlerini \u0130\u00e7 G\u00fcvenlik G\u00fc\u00e7leri mensuplar\u0131na iletti.<\/p>\n<p style=\"text-align: justify;\">T\u00fcmgeneral Rahmun, Frans\u0131z s\u00f6m\u00fcrgecilerine kar\u015f\u0131 Parlamentoyu savunurken \u015fehit olan Parlamentonun polis ve jandarma koruyucular\u0131 \u0130\u00e7 G\u00fcvenlik G\u00fc\u00e7lerinin kahramanl\u0131k destan\u0131n\u0131 de\u011ferlendirerek, halk\u0131m\u0131z\u0131n ter\u00f6r\u00fc ve destek\u00e7ilerini ma\u011flup etmek i\u00e7in g\u00f6sterdi\u011fi fedakarl\u0131\u011f\u0131n, TBMM&#8217;nin salih \u015fehitlerinin yakla\u015f\u0131m\u0131n\u0131n teyidinden ba\u015fka bir \u015fey olmad\u0131\u011f\u0131n\u0131, ya\u015fayan halklar\u0131n tercihini temsil eden zafere giden tek yolun \u015fehadet oldu\u011funu kaydetti.<\/p>\n<p style=\"text-align: justify;\"><img loading=\"lazy\" decoding=\"async\" class=\"size-full wp-image-302590 alignright\" src=\"http:\/\/sana.sy\/tr\/wp-content\/uploads\/2024\/05\/DSC_0755-copy-300x200-1.jpg\" alt=\"\" width=\"300\" height=\"200\" \/>\u2018\u2019Parlamento garnizonunun kahramanlar\u0131n\u0131n yapt\u0131klar\u0131, vatandan daha de\u011ferli hi\u00e7bir \u015feyin olmad\u0131\u011f\u0131n\u0131 t\u00fcm d\u00fcnyaya kan\u0131tl\u0131yor ve bug\u00fcn onlar\u0131n m\u00fccadele hayat\u0131ndan halk\u0131m\u0131za ve vatan\u0131m\u0131za hizmet etme konusundaki t\u00fcm kararl\u0131l\u0131\u011f\u0131 ve g\u00fcc\u00fc elde etmek i\u00e7in onlar\u0131n g\u00fczel ve ya\u015fayan an\u0131s\u0131n\u0131 kutluyoruz\u2019\u2019 diyen T\u00fcmgeneral Rahmun, \u2018\u2019Bu ulusal destan\u0131n olaylar\u0131, her Suriye vatanda\u015f\u0131n\u0131n vicdan\u0131nda zorluklara ve zorluklara kar\u015f\u0131 sa\u011flam bir irade ve boyun e\u011fmez bir kararl\u0131l\u0131k yaratarak, nesillerin yararlanabilece\u011fi bir \u00f6yk\u00fcnme feneri ve bir \u0131\u015f\u0131k ve \u0131\u015f\u0131lt\u0131 kayna\u011f\u0131 olmaya devam edecek\u2019\u2019 ifadelerini kulland\u0131.<\/p>\n<p style=\"text-align: justify;\">Kutlamada 29 May\u0131s \u015fehitlerinin torunlar\u0131, g\u00f6rev ve vatan \u015fehitlerinin aileleri ve \u00e7ok say\u0131da \u0130\u00e7 G\u00fcvenlik Kuvvetleri yaral\u0131s\u0131 an\u0131ld\u0131.<\/p>\n<p style=\"text-align: justify;\">Kutlamaya Adalet Bakan\u0131 Hakim Ahmed El Seyid, Enformasyon Bakan\u0131 Butrus Hallak, Devlet Bakan\u0131 Abdullah Abdullah, \u015eam ve \u015eam k\u0131rsal\u0131n\u0131n valileri, Siyasi G\u00fcvenlik B\u00f6l\u00fcm\u00fc ba\u015fkan\u0131 ve Halk Meclisi&#8217;nin baz\u0131 \u00fcyeleri kat\u0131ld\u0131.<\/p>\n<div id='gallery-1' class='gallery galleryid-302587 gallery-columns-3 gallery-size-thumbnail'><figure class='gallery-item'>\n\t\t\t<div class='gallery-icon landscape'>\n\t\t\t\t<a href='https:\/\/archive.sana.sy\/tr\/?attachment_id=302591'><img loading=\"lazy\" decoding=\"async\" width=\"150\" height=\"150\" src=\"https:\/\/archive.sana.sy\/tr\/wp-content\/uploads\/2024\/05\/6-2-150x150.jpg\" class=\"attachment-thumbnail size-thumbnail\" alt=\"\" \/><\/a>\n\t\t\t<\/div><\/figure><figure class='gallery-item'>\n\t\t\t<div class='gallery-icon landscape'>\n\t\t\t\t<a href='https:\/\/archive.sana.sy\/tr\/?attachment_id=302592'><img loading=\"lazy\" decoding=\"async\" width=\"150\" height=\"150\" src=\"https:\/\/archive.sana.sy\/tr\/wp-content\/uploads\/2024\/05\/4-6-150x150.jpg\" class=\"attachment-thumbnail size-thumbnail\" alt=\"\" \/><\/a>\n\t\t\t<\/div><\/figure><figure class='gallery-item'>\n\t\t\t<div class='gallery-icon landscape'>\n\t\t\t\t<a href='https:\/\/archive.sana.sy\/tr\/?attachment_id=302593'><img loading=\"lazy\" decoding=\"async\" width=\"150\" height=\"150\" src=\"https:\/\/archive.sana.sy\/tr\/wp-content\/uploads\/2024\/05\/3-17-150x150.jpg\" class=\"attachment-thumbnail size-thumbnail\" alt=\"\" \/><\/a>\n\t\t\t<\/div><\/figure><figure class='gallery-item'>\n\t\t\t<div class='gallery-icon landscape'>\n\t\t\t\t<a href='https:\/\/archive.sana.sy\/tr\/?attachment_id=302594'><img loading=\"lazy\" decoding=\"async\" width=\"150\" height=\"150\" src=\"https:\/\/archive.sana.sy\/tr\/wp-content\/uploads\/2024\/05\/2-23-150x150.jpg\" class=\"attachment-thumbnail size-thumbnail\" alt=\"\" \/><\/a>\n\t\t\t<\/div><\/figure><figure class='gallery-item'>\n\t\t\t<div class='gallery-icon landscape'>\n\t\t\t\t<a href='https:\/\/archive.sana.sy\/tr\/?attachment_id=302595'><img loading=\"lazy\" decoding=\"async\" width=\"150\" height=\"150\" src=\"https:\/\/archive.sana.sy\/tr\/wp-content\/uploads\/2024\/05\/5-4-150x150.jpg\" class=\"attachment-thumbnail size-thumbnail\" alt=\"\" \/><\/a>\n\t\t\t<\/div><\/figure><figure class='gallery-item'>\n\t\t\t<div class='gallery-icon landscape'>\n\t\t\t\t<a href='https:\/\/archive.sana.sy\/tr\/?attachment_id=302596'><img loading=\"lazy\" decoding=\"async\" width=\"150\" height=\"150\" src=\"https:\/\/archive.sana.sy\/tr\/wp-content\/uploads\/2024\/05\/1-26-150x150.jpg\" class=\"attachment-thumbnail size-thumbnail\" alt=\"\" \/><\/a>\n\t\t\t<\/div><\/figure>\n\t\t<\/div>\n\n<p style=\"text-align: center;\"><strong><a href=\"https:\/\/t.me\/SuriyeArapHaberAjansI\">Telegram Kanal\u0131m\u0131z\u00a0<\/a>||<a href=\"https:\/\/twitter.com\/arap_ajans\">X Platformumuz\u00a0<\/a>||<a href=\"https:\/\/www.facebook.com\/SANAHaberAjansi\/\">Facebook Sayfam\u0131z<\/a><\/strong><\/p>\n","protected":false},"excerpt":{"rendered":"<p>\u015eAM (SANA) &#8211; Cumhurba\u015fkan\u0131 Be\u015f\u015far Esad&#8217;\u0131n himayesinde,\u00a0 \u0130\u00e7i\u015fleri Bakanl\u0131\u011f\u0131, Meclis polis ve jandarma garnizonunun 29 May\u0131s 1945&#8217;te Frans\u0131z s\u00f6m\u00fcrgecili\u011finin elinde \u015fehit d\u00fc\u015fmesi an\u0131s\u0131na, \u0130\u00e7 G\u00fcvenlik G\u00fc\u00e7leri G\u00fcn\u00fc&#8217;n\u00fcn yetmi\u015f dokuzuncu y\u0131ld\u00f6n\u00fcm\u00fcn\u00fc bug\u00fcn and\u0131. \u0130\u00e7i\u015fleri Bakan\u0131 T\u00fcmgeneral Muhammed Rahmun, Bakanl\u0131k binas\u0131nda d\u00fczenlenen kutlamada yapt\u0131\u011f\u0131 konu\u015fmada, \u00a0her Suriyelinin y\u00fcre\u011finde yer eden bu vesileyle, Cumhurba\u015fkan\u0131 Be\u015f\u015far Esad&#8217;\u0131n selamlar\u0131n\u0131, sevgisini &hellip;<\/p>\n","protected":false},"author":41,"featured_media":302588,"comment_status":"closed","ping_status":"closed","sticky":false,"template":"","format":"standard","meta":{"footnotes":""},"categories":[479,17988,478],"tags":[41550],"class_list":["post-302587","post","type-post","status-publish","format-standard","has-post-thumbnail","","category-haberler-yerel","category-son-haberler","category-yerel","tag-cumhurbaskani-esadin-himayesinde-ic-guvenlik-gucleri-yetmis-dokuzuncu-kurulus-yildonumunu-kutladi"],"_links":{"self":[{"href":"https:\/\/archive.sana.sy\/tr\/index.php?rest_route=\/wp\/v2\/posts\/302587","targetHints":{"allow":["GET"]}}],"collection":[{"href":"https:\/\/archive.sana.sy\/tr\/index.php?rest_route=\/wp\/v2\/posts"}],"about":[{"href":"https:\/\/archive.sana.sy\/tr\/index.php?rest_route=\/wp\/v2\/types\/post"}],"author":[{"embeddable":true,"href":"https:\/\/archive.sana.sy\/tr\/index.php?rest_route=\/wp\/v2\/users\/41"}],"replies":[{"embeddable":true,"href":"https:\/\/archive.sana.sy\/tr\/index.php?rest_route=%2Fwp%2Fv2%2Fcomments&post=302587"}],"version-history":[{"count":1,"href":"https:\/\/archive.sana.sy\/tr\/index.php?rest_route=\/wp\/v2\/posts\/302587\/revisions"}],"predecessor-version":[{"id":302597,"href":"https:\/\/archive.sana.sy\/tr\/index.php?rest_route=\/wp\/v2\/posts\/302587\/revisions\/302597"}],"wp:featuredmedia":[{"embeddable":true,"href":"https:\/\/archive.sana.sy\/tr\/index.php?rest_route=\/wp\/v2\/media\/302588"}],"wp:attachment":[{"href":"https:\/\/archive.sana.sy\/tr\/index.php?rest_route=%2Fwp%2Fv2%2Fmedia&parent=302587"}],"wp:term":[{"taxonomy":"category","embeddable":true,"href":"https:\/\/archive.sana.sy\/tr\/index.php?rest_route=%2Fwp%2Fv2%2Fcategories&post=302587"},{"taxonomy":"post_tag","embeddable":true,"href":"https:\/\/archive.sana.sy\/tr\/index.php?rest_route=%2Fwp%2Fv2%2Ftags&post=302587"}],"curies":[{"name":"wp","href":"https:\/\/api.w.org\/{rel}","templated":true}]}}