{"id":302617,"date":"2024-05-30T10:43:02","date_gmt":"2024-05-30T07:43:02","guid":{"rendered":"https:\/\/sana.sy\/tr\/?p=302617"},"modified":"2024-06-02T11:07:03","modified_gmt":"2024-06-02T08:07:03","slug":"muh-arnus-deyr-ali-elektrik-istasyonunda-kamu-ve-ozel-sektor-arasindaki-ilk-ortak-projeyi-inceliyor","status":"publish","type":"post","link":"https:\/\/archive.sana.sy\/tr\/?p=302617","title":{"rendered":"Arnus, Deyir Ali Elektrik \u0130stasyonu&#8217;nda Kamu ve \u00d6zel Sekt\u00f6r Aras\u0131ndaki \u0130lk Ortak Projeyi \u0130nceledi"},"content":{"rendered":"<p style=\"text-align: justify;\"><strong>\u015eAM KIRSALI (SANA) \u2013 <\/strong>Ba\u015fbakan M\u00fchendis H\u00fcseyin Arnus bug\u00fcn, Deyir Ali Elektrik \u0130stasyonu&#8217;nda kamu ve \u00f6zel sekt\u00f6r aras\u0131ndaki ilk ortakl\u0131k projesini inceledi.<\/p>\n<p style=\"text-align: justify;\">Proje, istasyonun rehabilitasyonu, i\u015fletilmesi ve y\u00f6netimini, 700 megavat kapasiteli yeni bir grubun kurulmas\u0131n\u0131 ve \u00e7al\u0131\u015fmalar\u0131n tamamlanmas\u0131yla istasyonun toplam kapasitesinin 2100 megavat&#8217;a \u00e7\u0131kar\u0131lmas\u0131n\u0131 kaps\u0131yor.<\/p>\n<p style=\"text-align: justify;\">Ba\u015fbakan Arnus ayr\u0131ca, Elektrik Bakan\u0131 Gassan El Zamil Zamil&#8217;in e\u015fli\u011finde, \u00e7al\u0131\u015fmalar ve ulusal kadrolarla muhafaza edilen ve rehabilite edilen baz\u0131 departmanlar\u0131 inceledi ve at\u0131lan ad\u0131mlar\u0131n a\u00e7\u0131klamas\u0131n\u0131 dinledi.<\/p>\n<p style=\"text-align: center;\"><strong><a href=\"https:\/\/t.me\/SuriyeArapHaberAjansI\">Telegram Kanal\u0131m\u0131z\u00a0<\/a>||<a href=\"https:\/\/twitter.com\/arap_ajans\">X Platformumuz\u00a0<\/a>||<a href=\"https:\/\/www.facebook.com\/SANAHaberAjansi\/\">Facebook Sayfam\u0131z<\/a><\/strong><\/p>\n<div id='gallery-1' class='gallery galleryid-302617 gallery-columns-1 gallery-size-full'><figure class='gallery-item'>\n\t\t\t<div class='gallery-icon landscape'>\n\t\t\t\t<a href='https:\/\/archive.sana.sy\/tr\/wp-content\/uploads\/2024\/05\/00-17.jpg'><img loading=\"lazy\" decoding=\"async\" width=\"660\" height=\"371\" src=\"https:\/\/archive.sana.sy\/tr\/wp-content\/uploads\/2024\/05\/00-17.jpg\" class=\"attachment-full size-full\" alt=\"\" srcset=\"https:\/\/archive.sana.sy\/tr\/wp-content\/uploads\/2024\/05\/00-17.jpg 660w, https:\/\/archive.sana.sy\/tr\/wp-content\/uploads\/2024\/05\/00-17-300x169.jpg 300w\" sizes=\"auto, (max-width: 660px) 100vw, 660px\" \/><\/a>\n\t\t\t<\/div><\/figure><figure class='gallery-item'>\n\t\t\t<div class='gallery-icon landscape'>\n\t\t\t\t<a href='https:\/\/archive.sana.sy\/tr\/wp-content\/uploads\/2024\/05\/01-10.jpg'><img loading=\"lazy\" decoding=\"async\" width=\"660\" height=\"378\" src=\"https:\/\/archive.sana.sy\/tr\/wp-content\/uploads\/2024\/05\/01-10.jpg\" class=\"attachment-full size-full\" alt=\"\" srcset=\"https:\/\/archive.sana.sy\/tr\/wp-content\/uploads\/2024\/05\/01-10.jpg 660w, https:\/\/archive.sana.sy\/tr\/wp-content\/uploads\/2024\/05\/01-10-300x172.jpg 300w\" sizes=\"auto, (max-width: 660px) 100vw, 660px\" \/><\/a>\n\t\t\t<\/div><\/figure><figure class='gallery-item'>\n\t\t\t<div class='gallery-icon landscape'>\n\t\t\t\t<a href='https:\/\/archive.sana.sy\/tr\/wp-content\/uploads\/2024\/05\/11-43.jpg'><img loading=\"lazy\" decoding=\"async\" width=\"660\" height=\"371\" src=\"https:\/\/archive.sana.sy\/tr\/wp-content\/uploads\/2024\/05\/11-43.jpg\" class=\"attachment-full size-full\" alt=\"\" srcset=\"https:\/\/archive.sana.sy\/tr\/wp-content\/uploads\/2024\/05\/11-43.jpg 660w, https:\/\/archive.sana.sy\/tr\/wp-content\/uploads\/2024\/05\/11-43-300x169.jpg 300w\" sizes=\"auto, (max-width: 660px) 100vw, 660px\" \/><\/a>\n\t\t\t<\/div><\/figure>\n\t\t<\/div>\n\n<p>&nbsp;<\/p>\n","protected":false},"excerpt":{"rendered":"<p>\u015eAM KIRSALI (SANA) \u2013 Ba\u015fbakan M\u00fchendis H\u00fcseyin Arnus bug\u00fcn, Deyir Ali Elektrik \u0130stasyonu&#8217;nda kamu ve \u00f6zel sekt\u00f6r aras\u0131ndaki ilk ortakl\u0131k projesini inceledi. Proje, istasyonun rehabilitasyonu, i\u015fletilmesi ve y\u00f6netimini, 700 megavat kapasiteli yeni bir grubun kurulmas\u0131n\u0131 ve \u00e7al\u0131\u015fmalar\u0131n tamamlanmas\u0131yla istasyonun toplam kapasitesinin 2100 megavat&#8217;a \u00e7\u0131kar\u0131lmas\u0131n\u0131 kaps\u0131yor. Ba\u015fbakan Arnus ayr\u0131ca, Elektrik Bakan\u0131 Gassan El Zamil Zamil&#8217;in e\u015fli\u011finde, &hellip;<\/p>\n","protected":false},"author":36,"featured_media":302661,"comment_status":"closed","ping_status":"closed","sticky":false,"template":"","format":"standard","meta":{"footnotes":""},"categories":[596,479,17988,478],"tags":[19043,38641],"class_list":["post-302617","post","type-post","status-publish","format-standard","has-post-thumbnail","","category-fotografli-raporlar","category-haberler-yerel","category-son-haberler","category-yerel","tag-suriyede-son-durum","tag-suriyede-son-gelimeler"],"_links":{"self":[{"href":"https:\/\/archive.sana.sy\/tr\/index.php?rest_route=\/wp\/v2\/posts\/302617","targetHints":{"allow":["GET"]}}],"collection":[{"href":"https:\/\/archive.sana.sy\/tr\/index.php?rest_route=\/wp\/v2\/posts"}],"about":[{"href":"https:\/\/archive.sana.sy\/tr\/index.php?rest_route=\/wp\/v2\/types\/post"}],"author":[{"embeddable":true,"href":"https:\/\/archive.sana.sy\/tr\/index.php?rest_route=\/wp\/v2\/users\/36"}],"replies":[{"embeddable":true,"href":"https:\/\/archive.sana.sy\/tr\/index.php?rest_route=%2Fwp%2Fv2%2Fcomments&post=302617"}],"version-history":[{"count":5,"href":"https:\/\/archive.sana.sy\/tr\/index.php?rest_route=\/wp\/v2\/posts\/302617\/revisions"}],"predecessor-version":[{"id":302662,"href":"https:\/\/archive.sana.sy\/tr\/index.php?rest_route=\/wp\/v2\/posts\/302617\/revisions\/302662"}],"wp:featuredmedia":[{"embeddable":true,"href":"https:\/\/archive.sana.sy\/tr\/index.php?rest_route=\/wp\/v2\/media\/302661"}],"wp:attachment":[{"href":"https:\/\/archive.sana.sy\/tr\/index.php?rest_route=%2Fwp%2Fv2%2Fmedia&parent=302617"}],"wp:term":[{"taxonomy":"category","embeddable":true,"href":"https:\/\/archive.sana.sy\/tr\/index.php?rest_route=%2Fwp%2Fv2%2Fcategories&post=302617"},{"taxonomy":"post_tag","embeddable":true,"href":"https:\/\/archive.sana.sy\/tr\/index.php?rest_route=%2Fwp%2Fv2%2Ftags&post=302617"}],"curies":[{"name":"wp","href":"https:\/\/api.w.org\/{rel}","templated":true}]}}