{"id":302623,"date":"2024-05-30T12:11:47","date_gmt":"2024-05-30T09:11:47","guid":{"rendered":"https:\/\/sana.sy\/tr\/?p=302623"},"modified":"2024-05-31T09:12:42","modified_gmt":"2024-05-31T06:12:42","slug":"homsun-samas-mahallesinde-turist-aracinda-meydana-gelen-patlama-sonucu-3-kisi-yaralandi","status":"publish","type":"post","link":"https:\/\/archive.sana.sy\/tr\/?p=302623","title":{"rendered":"Homs&#8217;un \u015eamas Mahallesinde Turist Arac\u0131nda Meydana Gelen Patlama Sonucu 3 Ki\u015fi Yaraland\u0131"},"content":{"rendered":"<p style=\"text-align: justify;\"><strong>HOMS (SANA) \u2013<\/strong>Homs kentinde arac\u0131na patlay\u0131c\u0131 maddeyle d\u00fczenlenen ter\u00f6r sald\u0131r\u0131s\u0131 sonucu Humus Ceza Mahkemesi hakimi Hakim Ekrem \u0130brahim ve o\u011flu \u00e7e\u015fitli derecelerde yaraland\u0131.<\/p>\n<p style=\"text-align: justify;\">Homs Polis Komutanl\u0131\u011f\u0131ndan bir kaynak SANA muhabirine \u015funlar\u0131 s\u00f6yledi: &#8221; El Medine El Camiye Mahallesi&#8217;nde Hakim \u0130brahim&#8217;in arac\u0131na patlay\u0131c\u0131 maddeyle d\u00fczenlenen ter\u00f6r sald\u0131r\u0131s\u0131nda kendisi ve o\u011flu orta ila a\u011f\u0131r dereceli yaralan\u0131rken, di\u011fer o\u011flu da hafif yaraland\u0131.&#8221;<\/p>\n<p style=\"text-align: justify;\">Kaynak ayr\u0131ca, yaral\u0131lar\u0131n derhal Humus&#8217;taki bir hastaneye nakledildi\u011fine dikkat \u00e7ekti.<\/p>\n<p style=\"text-align: center;\"><strong><a href=\"https:\/\/t.me\/SuriyeArapHaberAjansI\">Telegram Kanal\u0131m\u0131z\u00a0<\/a>||<a href=\"https:\/\/twitter.com\/arap_ajans\">X Platformumuz\u00a0<\/a>||<a href=\"https:\/\/www.facebook.com\/SANAHaberAjansi\/\">Facebook Sayfam\u0131z<\/a><\/strong><\/p>\n","protected":false},"excerpt":{"rendered":"<p>HOMS (SANA) \u2013Homs kentinde arac\u0131na patlay\u0131c\u0131 maddeyle d\u00fczenlenen ter\u00f6r sald\u0131r\u0131s\u0131 sonucu Humus Ceza Mahkemesi hakimi Hakim Ekrem \u0130brahim ve o\u011flu \u00e7e\u015fitli derecelerde yaraland\u0131. Homs Polis Komutanl\u0131\u011f\u0131ndan bir kaynak SANA muhabirine \u015funlar\u0131 s\u00f6yledi: &#8221; El Medine El Camiye Mahallesi&#8217;nde Hakim \u0130brahim&#8217;in arac\u0131na patlay\u0131c\u0131 maddeyle d\u00fczenlenen ter\u00f6r sald\u0131r\u0131s\u0131nda kendisi ve o\u011flu orta ila a\u011f\u0131r dereceli yaralan\u0131rken, di\u011fer &hellip;<\/p>\n","protected":false},"author":36,"featured_media":302624,"comment_status":"closed","ping_status":"closed","sticky":false,"template":"","format":"standard","meta":{"footnotes":""},"categories":[479,575,17988,478],"tags":[41552],"class_list":["post-302623","post","type-post","status-publish","format-standard","has-post-thumbnail","","category-haberler-yerel","category-olaylar-ve-gercekler","category-son-haberler","category-yerel","tag-homsun-samas-mahallesinde-turist-aracinda-meydana-gelen-patlama-sonucu-3-kisi-yaralandi"],"_links":{"self":[{"href":"https:\/\/archive.sana.sy\/tr\/index.php?rest_route=\/wp\/v2\/posts\/302623","targetHints":{"allow":["GET"]}}],"collection":[{"href":"https:\/\/archive.sana.sy\/tr\/index.php?rest_route=\/wp\/v2\/posts"}],"about":[{"href":"https:\/\/archive.sana.sy\/tr\/index.php?rest_route=\/wp\/v2\/types\/post"}],"author":[{"embeddable":true,"href":"https:\/\/archive.sana.sy\/tr\/index.php?rest_route=\/wp\/v2\/users\/36"}],"replies":[{"embeddable":true,"href":"https:\/\/archive.sana.sy\/tr\/index.php?rest_route=%2Fwp%2Fv2%2Fcomments&post=302623"}],"version-history":[{"count":4,"href":"https:\/\/archive.sana.sy\/tr\/index.php?rest_route=\/wp\/v2\/posts\/302623\/revisions"}],"predecessor-version":[{"id":302657,"href":"https:\/\/archive.sana.sy\/tr\/index.php?rest_route=\/wp\/v2\/posts\/302623\/revisions\/302657"}],"wp:featuredmedia":[{"embeddable":true,"href":"https:\/\/archive.sana.sy\/tr\/index.php?rest_route=\/wp\/v2\/media\/302624"}],"wp:attachment":[{"href":"https:\/\/archive.sana.sy\/tr\/index.php?rest_route=%2Fwp%2Fv2%2Fmedia&parent=302623"}],"wp:term":[{"taxonomy":"category","embeddable":true,"href":"https:\/\/archive.sana.sy\/tr\/index.php?rest_route=%2Fwp%2Fv2%2Fcategories&post=302623"},{"taxonomy":"post_tag","embeddable":true,"href":"https:\/\/archive.sana.sy\/tr\/index.php?rest_route=%2Fwp%2Fv2%2Ftags&post=302623"}],"curies":[{"name":"wp","href":"https:\/\/api.w.org\/{rel}","templated":true}]}}