{"id":302629,"date":"2024-05-30T11:00:06","date_gmt":"2024-05-30T08:00:06","guid":{"rendered":"https:\/\/sana.sy\/tr\/?p=302629"},"modified":"2024-06-02T11:07:09","modified_gmt":"2024-06-02T08:07:09","slug":"arap-cin-bakanlar-toplantisinda-bakan-mikdad-arap-ulkeleri-ile-cin-arasindaki-ortaklik-benzer-bir-gerceklikten-kaynaklaniyor","status":"publish","type":"post","link":"https:\/\/archive.sana.sy\/tr\/?p=302629","title":{"rendered":"Arap-\u00c7in Bakanlar Toplant\u0131s\u0131nda Bakan Mikdad: Arap \u00dclkeleri \u0130le \u00c7in Aras\u0131ndaki Ortakl\u0131k Benzer Bir Ger\u00e7eklikten Kaynaklan\u0131yor"},"content":{"rendered":"<p style=\"text-align: justify;\"><strong>PEK<\/strong><strong>\u0130N (SANA)<\/strong> &#8211; D\u0131\u015fi\u015fleri ve Gurbet\u00e7iler Bakan\u0131 Faysal Mikdad, 28-30 May\u0131s tarihleri \u200b\u200baras\u0131nda ba\u015fkent Pekin&#8217;de d\u00fczenlenen Arap-\u00c7in Bakanlar Toplant\u0131s\u0131n\u0131n onuncu oturumuna kat\u0131ld\u0131.<\/p>\n<p style=\"text-align: justify;\">Bakan Mikdad toplant\u0131da yapt\u0131\u011f\u0131 konu\u015fmada, &#8221;\u00c7in-Arap ili\u015fkileri i\u00e7in i\u015fbirli\u011fini bir ba\u015fl\u0131k olarak se\u00e7mek, \u00fclkelerimiz aras\u0131nda daha geni\u015f bir alana b\u00fcy\u00fck ufuklar a\u00e7\u0131yor; bu alanda t\u00fcm \u00fclkelerimiz, d\u00fcnyan\u0131n u\u00e7lar\u0131 aras\u0131ndaki medeniyet ve k\u00fclt\u00fcrel ba\u011flar\u0131 e\u015fi benzeri g\u00f6r\u00fclmemi\u015f bir \u015fekilde derinle\u015ftirmeye \u00e7al\u0131\u015fan \u00f6nemli bir taraf haline geliyor&#8221; diyerek,\u00a0 Cumhurba\u015fkan\u0131 Be\u015f\u015far Esad&#8217;\u0131n birka\u00e7 ay \u00f6nce \u00c7in&#8217;e yapt\u0131\u011f\u0131 \u00f6nemli ziyaretin, iki \u00fclke aras\u0131ndaki ili\u015fkileri her alanda peki\u015ftirmek i\u00e7in bir f\u0131rsat oldu\u011funa dikkat \u00e7ekti.<img decoding=\"async\" class=\"alignright\" src=\"http:\/\/sana.sy\/wp-content\/uploads\/2024\/05\/00-2-1-300x188.jpg\" \/><\/p>\n<p style=\"text-align: justify;\">Mikdad ayr\u0131ca, Arap \u00fclkeleri ile \u00c7in Halk Cumhuriyeti aras\u0131ndaki siyasi ve ekonomik ortakl\u0131\u011f\u0131n esas olarak her iki b\u00f6lgedeki insanlar\u0131n ya\u015fam ko\u015fullar\u0131n\u0131 iyile\u015ftirme ve kalk\u0131nma d\u00fczeyini ve refah ara\u00e7lar\u0131n\u0131 y\u00fckseltme aray\u0131\u015f\u0131ndaki benzer bir ger\u00e7eklikten kaynakland\u0131\u011f\u0131na dikkat \u00e7ekerken, geli\u015fmekte olan \u00fclke ekonomileri i\u00e7in ideal kriter olan sayg\u0131 ve dostluk temelinde i\u015fbirli\u011fi ve g\u00fcven k\u00f6pr\u00fcleri kurman\u0131n gereklili\u011fini vurgulad\u0131.<\/p>\n<p style=\"text-align: justify;\">Krizleri \u00e7\u00f6zmenin ve ortak zorluklarla y\u00fczle\u015fmenin, \u00f6zg\u00fcr, ba\u011f\u0131ms\u0131z halklar\u0131n kendi \u00f6zg\u00fcr iradeleriyle se\u00e7imine dayal\u0131 siyasi ve ekonomik istikrara d\u00f6nmenin tek yolu oldu\u011funu a\u00e7\u0131klayan Mikdad, \u00c7in-Arap \u0130\u015fbirli\u011fi Forumu&#8217;nun ba\u015far\u0131s\u0131n\u0131n d\u00fcnyan\u0131n geri kalan\u0131na \u00f6rnek olaca\u011f\u0131n\u0131, i\u015fleri yoluna koyaca\u011f\u0131n\u0131 ve sa\u011flam ekonomik temellere dayal\u0131 ortak sistemde her vatanda\u015fa i\u015f f\u0131rsatlar\u0131 yarataca\u011f\u0131n\u0131 ifade etti.<\/p>\n<p style=\"text-align: justify;\">Bakan Mikdad konu\u015fmas\u0131nda da, &#8221;Siyonist yap\u0131, b\u00f6lgemizde Filistin&#8217;deki Arap halk\u0131na ve i\u015fgal alt\u0131ndaki Suriye Golan&#8217;\u0131na kar\u015f\u0131 devlet ter\u00f6r\u00fc politikas\u0131 uygulamakta ve uluslararas\u0131 toplumun bildi\u011fi sahte bahanelerle baz\u0131 \u00fclkelerden maddi ve manevi destek almaktad\u0131r&#8221; ifadelerini kulland\u0131.<\/p>\n<p style=\"text-align: justify;\">Mikdad konu\u015fmas\u0131nda, Suriye&#8217;nin, \u00c7in&#8217;in toprak b\u00fct\u00fcnl\u00fc\u011f\u00fcne ili\u015fkin tarihi hakk\u0131n\u0131 ve ne kadar uzun s\u00fcrerse s\u00fcrs\u00fcn Tayvan&#8217;\u0131n \u00c7in egemenli\u011fine geri d\u00f6n\u00fc\u015f\u00fcn\u00fc teyit etti\u011fini yineleyerek, Suriye&#8217;nin yaln\u0131zca tek bir \u00c7in&#8217;i tan\u0131d\u0131\u011f\u0131n\u0131 ve Tayvan, Hong Kong veya Sincan&#8217;da olsun, i\u00e7 i\u015flerine y\u00f6nelik d\u0131\u015f m\u00fcdahale giri\u015fimlerine kar\u015f\u0131 koyma \u00e7abalar\u0131n\u0131 destekledi\u011fini de \u00a0vurgulad\u0131.<\/p>\n<p style=\"text-align: justify;\">Forum, \u00e7al\u0131\u015fmalar\u0131n\u0131n sonunda \u00fc\u00e7 belgeyi kabul etti: Suriye Arap Cumhuriyeti&#8217;nin egemenli\u011finin, birli\u011finin, istikrar\u0131n\u0131n ve toprak b\u00fct\u00fcnl\u00fc\u011f\u00fcn\u00fcn korunmas\u0131n\u0131n gereklili\u011fini vurgulayan ve topraklar\u0131nda yabanc\u0131 m\u00fcdahaleyi ve her t\u00fcrl\u00fc yasad\u0131\u015f\u0131 askeri varl\u0131\u011f\u0131 reddeden, \u0130srail&#8217;in Suriye topraklar\u0131na y\u00f6nelik sald\u0131r\u0131lar\u0131na bir son verilmesi \u00e7a\u011fr\u0131s\u0131nda bulunan ve Suriye&#8217;nin ter\u00f6rizme kar\u015f\u0131 m\u00fccadelede ayakta durmas\u0131n\u0131, topraklar\u0131n\u0131 ve insanlar\u0131n\u0131 savunma hakk\u0131n\u0131 kullanan ve \u00e7abalar\u0131n\u0131 desteklemesini sa\u011flayan Pekin Deklarasyonu.<\/p>\n<p style=\"text-align: justify;\">\u00c7in ile Arap \u00fclkeleri aras\u0131nda Filistin meselesine ili\u015fkin ortak a\u00e7\u0131klamada, \u0130srail&#8217;in Gazze&#8217;deki Filistin halk\u0131na y\u00f6nelik devam eden sald\u0131rganl\u0131\u011f\u0131 da k\u0131nand\u0131 ve G\u00fcvenlik Konseyi&#8217;ne acil, kapsaml\u0131 ve kal\u0131c\u0131 bir ate\u015fkes i\u00e7in ba\u011flay\u0131c\u0131 bir karar almas\u0131 \u00e7a\u011fr\u0131s\u0131nda bulunuldu.<\/p>\n<p style=\"text-align: justify;\">A\u00e7\u0131klamada, Filistin Devleti topraklar\u0131, i\u015fgal alt\u0131ndaki Suriye Golan&#8217;\u0131 ve i\u015fgal alt\u0131ndaki L\u00fcbnan topraklar\u0131n\u0131n i\u015fgaline son verilmesi ve ilgili uluslararas\u0131 kararlar\u0131n uygulanmas\u0131 d\u0131\u015f\u0131nda b\u00f6lgede bar\u0131\u015f, g\u00fcvenlik ve istikrar\u0131n sa\u011flanamayaca\u011f\u0131 vurguland\u0131.<\/p>\n<p style=\"text-align: justify;\">Ortak a\u00e7\u0131klamada, \u0130srail i\u015fgal h\u00fck\u00fcmetinin, i\u015fgal alt\u0131ndaki Filistin topraklar\u0131 ve i\u015fgal alt\u0131ndaki Suriye Golan&#8217;\u0131ndaki mevcut tarihi ve hukuki durumu de\u011fi\u015ftirmeyi ama\u00e7layan yerle\u015fim planlar\u0131n\u0131 s\u00fcrd\u00fcrmesi k\u0131nand\u0131.<\/p>\n<p style=\"text-align: justify;\">Forumun a\u00e7\u0131l\u0131\u015f\u0131n\u0131 \u00e7ok say\u0131da Arap \u00fclkesi liderinin kat\u0131l\u0131m\u0131yla ger\u00e7ekle\u015ftiren \u00c7in Devlet Ba\u015fkan\u0131 Xi Jinping, yapt\u0131\u011f\u0131 konu\u015fmada Arap-\u00c7in toplumunun yeni bir d\u00f6neme y\u00f6nelik ortak bir gelecek in\u015fa etmesine vurgu yapm\u0131\u015ft\u0131.<\/p>\n<p style=\"text-align: center;\"><strong><a href=\"https:\/\/t.me\/SuriyeArapHaberAjansI\">Telegram Kanal\u0131m\u0131z\u00a0<\/a>||<a href=\"https:\/\/twitter.com\/arap_ajans\">X Platformumuz\u00a0<\/a>||<a href=\"https:\/\/www.facebook.com\/SANAHaberAjansi\/\">Facebook Sayfam\u0131z<\/a><\/strong><\/p>\n","protected":false},"excerpt":{"rendered":"<p>PEK\u0130N (SANA) &#8211; D\u0131\u015fi\u015fleri ve Gurbet\u00e7iler Bakan\u0131 Faysal Mikdad, 28-30 May\u0131s tarihleri \u200b\u200baras\u0131nda ba\u015fkent Pekin&#8217;de d\u00fczenlenen Arap-\u00c7in Bakanlar Toplant\u0131s\u0131n\u0131n onuncu oturumuna kat\u0131ld\u0131. Bakan Mikdad toplant\u0131da yapt\u0131\u011f\u0131 konu\u015fmada, &#8221;\u00c7in-Arap ili\u015fkileri i\u00e7in i\u015fbirli\u011fini bir ba\u015fl\u0131k olarak se\u00e7mek, \u00fclkelerimiz aras\u0131nda daha geni\u015f bir alana b\u00fcy\u00fck ufuklar a\u00e7\u0131yor; bu alanda t\u00fcm \u00fclkelerimiz, d\u00fcnyan\u0131n u\u00e7lar\u0131 aras\u0131ndaki medeniyet ve k\u00fclt\u00fcrel ba\u011flar\u0131 &hellip;<\/p>\n","protected":false},"author":1,"featured_media":302630,"comment_status":"closed","ping_status":"closed","sticky":false,"template":"","format":"standard","meta":{"footnotes":""},"categories":[458,459,17988],"tags":[39836],"class_list":["post-302629","post","type-post","status-publish","format-standard","has-post-thumbnail","","category-dunya1","category-haberler-arap-uluslararasi-politika","category-son-haberler","tag-cin-ve-suriye-arasindaki-iliskiler"],"_links":{"self":[{"href":"https:\/\/archive.sana.sy\/tr\/index.php?rest_route=\/wp\/v2\/posts\/302629","targetHints":{"allow":["GET"]}}],"collection":[{"href":"https:\/\/archive.sana.sy\/tr\/index.php?rest_route=\/wp\/v2\/posts"}],"about":[{"href":"https:\/\/archive.sana.sy\/tr\/index.php?rest_route=\/wp\/v2\/types\/post"}],"author":[{"embeddable":true,"href":"https:\/\/archive.sana.sy\/tr\/index.php?rest_route=\/wp\/v2\/users\/1"}],"replies":[{"embeddable":true,"href":"https:\/\/archive.sana.sy\/tr\/index.php?rest_route=%2Fwp%2Fv2%2Fcomments&post=302629"}],"version-history":[{"count":1,"href":"https:\/\/archive.sana.sy\/tr\/index.php?rest_route=\/wp\/v2\/posts\/302629\/revisions"}],"predecessor-version":[{"id":302631,"href":"https:\/\/archive.sana.sy\/tr\/index.php?rest_route=\/wp\/v2\/posts\/302629\/revisions\/302631"}],"wp:featuredmedia":[{"embeddable":true,"href":"https:\/\/archive.sana.sy\/tr\/index.php?rest_route=\/wp\/v2\/media\/302630"}],"wp:attachment":[{"href":"https:\/\/archive.sana.sy\/tr\/index.php?rest_route=%2Fwp%2Fv2%2Fmedia&parent=302629"}],"wp:term":[{"taxonomy":"category","embeddable":true,"href":"https:\/\/archive.sana.sy\/tr\/index.php?rest_route=%2Fwp%2Fv2%2Fcategories&post=302629"},{"taxonomy":"post_tag","embeddable":true,"href":"https:\/\/archive.sana.sy\/tr\/index.php?rest_route=%2Fwp%2Fv2%2Ftags&post=302629"}],"curies":[{"name":"wp","href":"https:\/\/api.w.org\/{rel}","templated":true}]}}