{"id":302632,"date":"2024-05-30T19:00:27","date_gmt":"2024-05-30T16:00:27","guid":{"rendered":"https:\/\/sana.sy\/tr\/?p=302632"},"modified":"2024-06-01T11:30:52","modified_gmt":"2024-06-01T08:30:52","slug":"302632","status":"publish","type":"post","link":"https:\/\/archive.sana.sy\/tr\/?p=302632","title":{"rendered":"Cumhurba\u015fkan\u0131 Esad Tahran&#8217;\u0131 Ziyaret Ederek Reisi Ve Abdullahiyan&#8217;\u0131n \u015eehadeti Nedeniyle Say\u0131n Hamaney&#8217;e Taziyelerini Sundu"},"content":{"rendered":"<p style=\"text-align: justify;\"><strong>TAHRAN <\/strong><strong>(SANA) &#8211; <\/strong>Say\u0131n Cumhurba\u015fkan\u0131 Be\u015f\u015far Esad, Tahran&#8217;\u0131 ziyaret ederek, \u0130ran \u0130slam Devrimi Lideri Say\u0131n Ali Hamaney&#8217;e, Cumhurba\u015fkan\u0131 \u0130brahim Reisi ve D\u0131\u015fi\u015fleri Bakan\u0131 H\u00fcseyin Emir Abdullahiyan&#8217;\u0131n \u015fehadeti nedeniyle ba\u015fsa\u011fl\u0131\u011f\u0131 diledi.<\/p>\n<p style=\"text-align: justify;\">Cumhurba\u015fkan\u0131 Esad, Ba\u015fkan Reisi&#8217;nin akl\u0131nda ve vicdan\u0131nda dost \u0130ran halk\u0131n\u0131n \u00e7\u0131karlar\u0131n\u0131 ta\u015f\u0131d\u0131\u011f\u0131n\u0131, ayn\u0131 zamanda kalbinde Suriye ve halk\u0131 i\u00e7in y\u00fcksek bir konum ta\u015f\u0131d\u0131\u011f\u0131n\u0131 ve iki dost \u00fclke ve halk\u0131 bir araya getiren sa\u011flam yakla\u015f\u0131m\u0131 s\u00fcrd\u00fcrd\u00fc\u011f\u00fcn\u00fc vurgulad\u0131.<\/p>\n<p style=\"text-align: justify;\">Cumhurba\u015fkan\u0131 Esad ayr\u0131ca, Say\u0131n Hamaney ile yapt\u0131\u011f\u0131 g\u00f6r\u00fc\u015fmede, &#8221;D\u0131\u015fi\u015fleri Bakan\u0131 H\u00fcseyin Emir Abdullahiyan, \u0130ran ile Suriye aras\u0131nda aktif diplomasiye \u00f6nc\u00fcl\u00fck etti ve b\u00f6lgede istikrar\u0131n sa\u011flanmas\u0131nda etkili oldu&#8221; dedi.<\/p>\n<p style=\"text-align: justify;\">Say\u0131n Cumhurba\u015fkan\u0131 Esad, bu ac\u0131 olay\u0131n \u0130ran&#8217;\u0131n direni\u015fe yakla\u015f\u0131m\u0131n\u0131 ve deste\u011fini, Filistin halk\u0131na deste\u011fini etkilemeyece\u011fini, Suriye ile \u0130ran aras\u0131ndaki ili\u015fkilerin g\u00fc\u00e7l\u00fc oldu\u011funu ve iki \u00fclke halklar\u0131n\u0131n yan\u0131 s\u0131ra t\u00fcm b\u00f6lgenin istikrar\u0131na hizmet etmek amac\u0131yla kuruldu\u011funu da kaydetti.<\/p>\n<p style=\"text-align: justify;\">\u0130slam Devrimi Lideri ise \u0130ran halk\u0131na taziyelerini iletmek \u00fczere Tahran&#8217;a yapt\u0131\u011f\u0131 ziyaretten dolay\u0131 Cumhurba\u015fkan\u0131 Esad&#8217;a te\u015fekk\u00fcr eederek, &#8221;Rahmetli Cumhurba\u015fkan\u0131 \u0130brahim Reisi, Tahran ile \u015eam aras\u0131ndaki ili\u015fkilerin g\u00fc\u00e7lendirilmesinde \u00f6nemli rol oynam\u0131\u015f, D\u0131\u015fi\u015fleri Bakan\u0131 H\u00fcseyin Amir Abdullahiyan&#8217;\u0131n da bu alana \u00f6zel ilgisi ve rol\u00fc vard\u0131&#8221; ifadelerini kulland\u0131.<\/p>\n<p style=\"text-align: justify;\">Cumhurba\u015fkan\u0131 Esad Tahran&#8217;a d\u00fczenledi\u011fi ziyaretinde de , Tahran&#8217;da m\u00fckellef Cumhurba\u015fkan\u0131 Muhammed Muhbir ile bir araya gelerek, kendisine Cumhurba\u015fkan\u0131 \u0130brehim Reisi ve Bakan H\u00fcseyin Emir Abdullahiyan&#8217;\u0131n \u015fehadeti nedeniyle ba\u015fsa\u011fl\u0131\u011f\u0131 diledi ve \u0130ran liderli\u011finin ve halk\u0131n\u0131n bu ac\u0131 olay\u0131n \u00fcstesinden gelme ve b\u00f6lgesel ve uluslararas\u0131 d\u00fczeydeki konumunu ve rol\u00fcn\u00fc s\u00fcrd\u00fcrme becerisine b\u00fcy\u00fck g\u00fcven duydu\u011funu vurgudu.<\/p>\n<p style=\"text-align: justify;\">\u0130ki Cumhurba\u015fkan\u0131 Esad ve Muhbir, Suriye ile \u0130ran aras\u0131ndaki stratejik ili\u015fkinin derinli\u011fini ve bu ili\u015fkinin onur, egemenlik ve \u00fclkelerin ve halklar\u0131n ortak \u00e7\u0131karlar\u0131na sayg\u0131ya dayal\u0131 ilkelere dayand\u0131\u011f\u0131n\u0131n alt\u0131n\u0131 \u00e7izerek, ba\u015fta ekonomik alanlar olmak \u00fczere \u00e7e\u015fitli alanlarda ikili ili\u015fkilerin g\u00fc\u00e7lendirilmesinin s\u00fcrd\u00fcr\u00fcld\u00fc\u011f\u00fcn\u00fc vurgulad\u0131lar.<\/p>\n<div id='gallery-1' class='gallery galleryid-302632 gallery-columns-1 gallery-size-full'><figure class='gallery-item'>\n\t\t\t<div class='gallery-icon landscape'>\n\t\t\t\t<a href='https:\/\/archive.sana.sy\/tr\/?attachment_id=302648'><img loading=\"lazy\" decoding=\"async\" width=\"1200\" height=\"800\" src=\"https:\/\/archive.sana.sy\/tr\/wp-content\/uploads\/2024\/05\/1-29.jpg\" class=\"attachment-full size-full\" alt=\"\" srcset=\"https:\/\/archive.sana.sy\/tr\/wp-content\/uploads\/2024\/05\/1-29.jpg 1200w, https:\/\/archive.sana.sy\/tr\/wp-content\/uploads\/2024\/05\/1-29-300x200.jpg 300w, https:\/\/archive.sana.sy\/tr\/wp-content\/uploads\/2024\/05\/1-29-1024x683.jpg 1024w, https:\/\/archive.sana.sy\/tr\/wp-content\/uploads\/2024\/05\/1-29-768x512.jpg 768w\" sizes=\"auto, (max-width: 1200px) 100vw, 1200px\" \/><\/a>\n\t\t\t<\/div><\/figure><figure class='gallery-item'>\n\t\t\t<div class='gallery-icon landscape'>\n\t\t\t\t<a href='https:\/\/archive.sana.sy\/tr\/?attachment_id=302649'><img loading=\"lazy\" decoding=\"async\" width=\"1200\" height=\"800\" src=\"https:\/\/archive.sana.sy\/tr\/wp-content\/uploads\/2024\/05\/2-26.jpg\" class=\"attachment-full size-full\" alt=\"\" srcset=\"https:\/\/archive.sana.sy\/tr\/wp-content\/uploads\/2024\/05\/2-26.jpg 1200w, https:\/\/archive.sana.sy\/tr\/wp-content\/uploads\/2024\/05\/2-26-300x200.jpg 300w, https:\/\/archive.sana.sy\/tr\/wp-content\/uploads\/2024\/05\/2-26-1024x683.jpg 1024w, https:\/\/archive.sana.sy\/tr\/wp-content\/uploads\/2024\/05\/2-26-768x512.jpg 768w\" sizes=\"auto, (max-width: 1200px) 100vw, 1200px\" \/><\/a>\n\t\t\t<\/div><\/figure><figure class='gallery-item'>\n\t\t\t<div class='gallery-icon landscape'>\n\t\t\t\t<a href='https:\/\/archive.sana.sy\/tr\/?attachment_id=302653'><img loading=\"lazy\" decoding=\"async\" width=\"1200\" height=\"818\" src=\"https:\/\/archive.sana.sy\/tr\/wp-content\/uploads\/2024\/05\/3-20.jpg\" class=\"attachment-full size-full\" alt=\"\" srcset=\"https:\/\/archive.sana.sy\/tr\/wp-content\/uploads\/2024\/05\/3-20.jpg 1200w, https:\/\/archive.sana.sy\/tr\/wp-content\/uploads\/2024\/05\/3-20-300x205.jpg 300w, https:\/\/archive.sana.sy\/tr\/wp-content\/uploads\/2024\/05\/3-20-1024x698.jpg 1024w, https:\/\/archive.sana.sy\/tr\/wp-content\/uploads\/2024\/05\/3-20-768x524.jpg 768w, https:\/\/archive.sana.sy\/tr\/wp-content\/uploads\/2024\/05\/3-20-110x75.jpg 110w\" sizes=\"auto, (max-width: 1200px) 100vw, 1200px\" \/><\/a>\n\t\t\t<\/div><\/figure><figure class='gallery-item'>\n\t\t\t<div class='gallery-icon landscape'>\n\t\t\t\t<a href='https:\/\/archive.sana.sy\/tr\/?attachment_id=302651'><img loading=\"lazy\" decoding=\"async\" width=\"1200\" height=\"563\" src=\"https:\/\/archive.sana.sy\/tr\/wp-content\/uploads\/2024\/05\/5-5.jpg\" class=\"attachment-full size-full\" alt=\"\" srcset=\"https:\/\/archive.sana.sy\/tr\/wp-content\/uploads\/2024\/05\/5-5.jpg 1200w, https:\/\/archive.sana.sy\/tr\/wp-content\/uploads\/2024\/05\/5-5-300x141.jpg 300w, https:\/\/archive.sana.sy\/tr\/wp-content\/uploads\/2024\/05\/5-5-1024x480.jpg 1024w, https:\/\/archive.sana.sy\/tr\/wp-content\/uploads\/2024\/05\/5-5-768x360.jpg 768w\" sizes=\"auto, (max-width: 1200px) 100vw, 1200px\" \/><\/a>\n\t\t\t<\/div><\/figure><figure class='gallery-item'>\n\t\t\t<div class='gallery-icon landscape'>\n\t\t\t\t<a href='https:\/\/archive.sana.sy\/tr\/?attachment_id=302652'><img loading=\"lazy\" decoding=\"async\" width=\"1200\" height=\"769\" src=\"https:\/\/archive.sana.sy\/tr\/wp-content\/uploads\/2024\/05\/4-7.jpg\" class=\"attachment-full size-full\" alt=\"\" srcset=\"https:\/\/archive.sana.sy\/tr\/wp-content\/uploads\/2024\/05\/4-7.jpg 1200w, https:\/\/archive.sana.sy\/tr\/wp-content\/uploads\/2024\/05\/4-7-300x192.jpg 300w, https:\/\/archive.sana.sy\/tr\/wp-content\/uploads\/2024\/05\/4-7-1024x656.jpg 1024w, https:\/\/archive.sana.sy\/tr\/wp-content\/uploads\/2024\/05\/4-7-768x492.jpg 768w\" sizes=\"auto, (max-width: 1200px) 100vw, 1200px\" \/><\/a>\n\t\t\t<\/div><\/figure><figure class='gallery-item'>\n\t\t\t<div class='gallery-icon landscape'>\n\t\t\t\t<a href='https:\/\/archive.sana.sy\/tr\/?attachment_id=302650'><img loading=\"lazy\" decoding=\"async\" width=\"1200\" height=\"800\" src=\"https:\/\/archive.sana.sy\/tr\/wp-content\/uploads\/2024\/05\/6-3.jpg\" class=\"attachment-full size-full\" alt=\"\" srcset=\"https:\/\/archive.sana.sy\/tr\/wp-content\/uploads\/2024\/05\/6-3.jpg 1200w, https:\/\/archive.sana.sy\/tr\/wp-content\/uploads\/2024\/05\/6-3-300x200.jpg 300w, https:\/\/archive.sana.sy\/tr\/wp-content\/uploads\/2024\/05\/6-3-1024x683.jpg 1024w, https:\/\/archive.sana.sy\/tr\/wp-content\/uploads\/2024\/05\/6-3-768x512.jpg 768w\" sizes=\"auto, (max-width: 1200px) 100vw, 1200px\" \/><\/a>\n\t\t\t<\/div><\/figure>\n\t\t<\/div>\n\n<p style=\"text-align: center;\"><strong><a href=\"https:\/\/t.me\/SuriyeArapHaberAjansI\">Telegram Kanal\u0131m\u0131z<span style=\"color: #ff0000;\">\u00a0<\/span><\/a><span style=\"color: #ff0000;\">||<\/span><a href=\"https:\/\/twitter.com\/arap_ajans\">X Platformumuz\u00a0<\/a><span style=\"color: #ff0000;\">||<\/span><a href=\"https:\/\/www.facebook.com\/SANAHaberAjansi\/\">Facebook Sayfam\u0131z<\/a><\/strong><\/p>\n","protected":false},"excerpt":{"rendered":"<p>TAHRAN (SANA) &#8211; Say\u0131n Cumhurba\u015fkan\u0131 Be\u015f\u015far Esad, Tahran&#8217;\u0131 ziyaret ederek, \u0130ran \u0130slam Devrimi Lideri Say\u0131n Ali Hamaney&#8217;e, Cumhurba\u015fkan\u0131 \u0130brahim Reisi ve D\u0131\u015fi\u015fleri Bakan\u0131 H\u00fcseyin Emir Abdullahiyan&#8217;\u0131n \u015fehadeti nedeniyle ba\u015fsa\u011fl\u0131\u011f\u0131 diledi. Cumhurba\u015fkan\u0131 Esad, Ba\u015fkan Reisi&#8217;nin akl\u0131nda ve vicdan\u0131nda dost \u0130ran halk\u0131n\u0131n \u00e7\u0131karlar\u0131n\u0131 ta\u015f\u0131d\u0131\u011f\u0131n\u0131, ayn\u0131 zamanda kalbinde Suriye ve halk\u0131 i\u00e7in y\u00fcksek bir konum ta\u015f\u0131d\u0131\u011f\u0131n\u0131 ve iki &hellip;<\/p>\n","protected":false},"author":1,"featured_media":302633,"comment_status":"closed","ping_status":"closed","sticky":false,"template":"","format":"standard","meta":{"footnotes":""},"categories":[606,6459,605,17988],"tags":[],"class_list":["post-302632","post","type-post","status-publish","format-standard","has-post-thumbnail","","category-cumhurbaskani","category-sana-fotolarl","category-sayin-cumhurbaskani","category-son-haberler"],"_links":{"self":[{"href":"https:\/\/archive.sana.sy\/tr\/index.php?rest_route=\/wp\/v2\/posts\/302632","targetHints":{"allow":["GET"]}}],"collection":[{"href":"https:\/\/archive.sana.sy\/tr\/index.php?rest_route=\/wp\/v2\/posts"}],"about":[{"href":"https:\/\/archive.sana.sy\/tr\/index.php?rest_route=\/wp\/v2\/types\/post"}],"author":[{"embeddable":true,"href":"https:\/\/archive.sana.sy\/tr\/index.php?rest_route=\/wp\/v2\/users\/1"}],"replies":[{"embeddable":true,"href":"https:\/\/archive.sana.sy\/tr\/index.php?rest_route=%2Fwp%2Fv2%2Fcomments&post=302632"}],"version-history":[{"count":8,"href":"https:\/\/archive.sana.sy\/tr\/index.php?rest_route=\/wp\/v2\/posts\/302632\/revisions"}],"predecessor-version":[{"id":302675,"href":"https:\/\/archive.sana.sy\/tr\/index.php?rest_route=\/wp\/v2\/posts\/302632\/revisions\/302675"}],"wp:featuredmedia":[{"embeddable":true,"href":"https:\/\/archive.sana.sy\/tr\/index.php?rest_route=\/wp\/v2\/media\/302633"}],"wp:attachment":[{"href":"https:\/\/archive.sana.sy\/tr\/index.php?rest_route=%2Fwp%2Fv2%2Fmedia&parent=302632"}],"wp:term":[{"taxonomy":"category","embeddable":true,"href":"https:\/\/archive.sana.sy\/tr\/index.php?rest_route=%2Fwp%2Fv2%2Fcategories&post=302632"},{"taxonomy":"post_tag","embeddable":true,"href":"https:\/\/archive.sana.sy\/tr\/index.php?rest_route=%2Fwp%2Fv2%2Ftags&post=302632"}],"curies":[{"name":"wp","href":"https:\/\/api.w.org\/{rel}","templated":true}]}}