{"id":302693,"date":"2024-05-31T14:33:58","date_gmt":"2024-05-31T11:33:58","guid":{"rendered":"https:\/\/sana.sy\/tr\/?p=302693"},"modified":"2024-06-02T11:04:31","modified_gmt":"2024-06-02T08:04:31","slug":"lubnan-direnisi-branit-kislasi-ve-el-bagdadi-bolgesinde-israil-dusmanini-hedef-aldi","status":"publish","type":"post","link":"https:\/\/archive.sana.sy\/tr\/?p=302693","title":{"rendered":"L\u00fcbnan Direni\u015fi \u201cBranit\u201d K\u0131\u015flas\u0131 Ve \u201cEl Ba\u011fdadi\u201d B\u00f6lgesinde D\u00fc\u015fman \u0130srail&#8217;i Hedef Ald\u0131"},"content":{"rendered":"<p style=\"text-align: justify;\"><strong>BEYRUT (SANA) &#8211;<\/strong> \u00a0L\u00fcbnan Ulusal Direni\u015fi bug\u00fcn i\u015fgal alt\u0131ndaki Filistin topraklar\u0131ndaki Pranit k\u0131\u015flas\u0131ndaki d\u00fc\u015fman \u0130srail&#8217;i a\u011f\u0131r Burkan f\u00fczeleriyle hedef ald\u0131 ve do\u011frudan isabet elde etti.<\/p>\n<p style=\"text-align: justify;\">Direni\u015f yapt\u0131\u011f\u0131 a\u00e7\u0131klamada \u015funlar\u0131 s\u00f6yledi: &#8220;Gazze \u015eeridi&#8217;ndeki kararl\u0131 Filistin halk\u0131m\u0131za ve onlar\u0131n yi\u011fit direni\u015fine destek olarak ve \u0130srail d\u00fc\u015fman\u0131n\u0131n g\u00fcneydeki kararl\u0131 k\u00f6ylere ve g\u00fcvenli evlere y\u00f6nelik sald\u0131r\u0131lar\u0131na, \u00f6zellikle Marun El Ras kasabas\u0131na yap\u0131lan sald\u0131r\u0131ya yan\u0131t olarak, bu sabah direni\u015f sava\u015f\u00e7\u0131lar\u0131, a\u011f\u0131r Burkan f\u00fczeleriyle Pranit k\u0131\u015flas\u0131n\u0131, yani \u201c91. T\u00fcmenin kararg\u00e2h\u0131n\u0131\u201d hedef ald\u0131 ve do\u011frudan isabet alarak barakan\u0131n yanmas\u0131na ve bir k\u0131sm\u0131n\u0131n yok olmas\u0131na yol a\u00e7t\u0131.\u2019\u2019<\/p>\n<p style=\"text-align: justify;\">Direni\u015f, bir ba\u015fka a\u00e7\u0131klamas\u0131nda ise Ba\u011fdadi&#8217;nin askeri \u00fcss\u00fcn\u00fc a\u011f\u0131r Burkan f\u00fczeleriyle hedef ald\u0131\u011f\u0131n\u0131 ve do\u011frudan isabet elde etti\u011fini duyurdu. Bu, \u0130srail d\u00fc\u015fman\u0131n\u0131n g\u00fcneydeki kararl\u0131 k\u00f6ylere ve g\u00fcvenli evlere y\u00f6nelik sald\u0131r\u0131lar\u0131na yan\u0131t olarak geldi.<\/p>\n<p style=\"text-align: center;\"><strong><a href=\"https:\/\/t.me\/SuriyeArapHaberAjansI\">Telegram Kanal\u0131m\u0131z\u00a0<\/a>||<a href=\"https:\/\/twitter.com\/arap_ajans\">X Platformumuz\u00a0<\/a>||<a href=\"https:\/\/www.facebook.com\/SANAHaberAjansi\/\">Facebook Sayfam\u0131z<\/a><\/strong><\/p>\n","protected":false},"excerpt":{"rendered":"<p>BEYRUT (SANA) &#8211; \u00a0L\u00fcbnan Ulusal Direni\u015fi bug\u00fcn i\u015fgal alt\u0131ndaki Filistin topraklar\u0131ndaki Pranit k\u0131\u015flas\u0131ndaki d\u00fc\u015fman \u0130srail&#8217;i a\u011f\u0131r Burkan f\u00fczeleriyle hedef ald\u0131 ve do\u011frudan isabet elde etti. Direni\u015f yapt\u0131\u011f\u0131 a\u00e7\u0131klamada \u015funlar\u0131 s\u00f6yledi: &#8220;Gazze \u015eeridi&#8217;ndeki kararl\u0131 Filistin halk\u0131m\u0131za ve onlar\u0131n yi\u011fit direni\u015fine destek olarak ve \u0130srail d\u00fc\u015fman\u0131n\u0131n g\u00fcneydeki kararl\u0131 k\u00f6ylere ve g\u00fcvenli evlere y\u00f6nelik sald\u0131r\u0131lar\u0131na, \u00f6zellikle Marun El &hellip;<\/p>\n","protected":false},"author":41,"featured_media":302694,"comment_status":"closed","ping_status":"closed","sticky":false,"template":"","format":"standard","meta":{"footnotes":""},"categories":[458,459,17988],"tags":[41565],"class_list":["post-302693","post","type-post","status-publish","format-standard","has-post-thumbnail","","category-dunya1","category-haberler-arap-uluslararasi-politika","category-son-haberler","tag-lubnan-direnisi-branit-kislasi-ve-el-bagdadi-bolgesinde-israil-dusmanini-hedef-aldi"],"_links":{"self":[{"href":"https:\/\/archive.sana.sy\/tr\/index.php?rest_route=\/wp\/v2\/posts\/302693","targetHints":{"allow":["GET"]}}],"collection":[{"href":"https:\/\/archive.sana.sy\/tr\/index.php?rest_route=\/wp\/v2\/posts"}],"about":[{"href":"https:\/\/archive.sana.sy\/tr\/index.php?rest_route=\/wp\/v2\/types\/post"}],"author":[{"embeddable":true,"href":"https:\/\/archive.sana.sy\/tr\/index.php?rest_route=\/wp\/v2\/users\/41"}],"replies":[{"embeddable":true,"href":"https:\/\/archive.sana.sy\/tr\/index.php?rest_route=%2Fwp%2Fv2%2Fcomments&post=302693"}],"version-history":[{"count":2,"href":"https:\/\/archive.sana.sy\/tr\/index.php?rest_route=\/wp\/v2\/posts\/302693\/revisions"}],"predecessor-version":[{"id":302712,"href":"https:\/\/archive.sana.sy\/tr\/index.php?rest_route=\/wp\/v2\/posts\/302693\/revisions\/302712"}],"wp:featuredmedia":[{"embeddable":true,"href":"https:\/\/archive.sana.sy\/tr\/index.php?rest_route=\/wp\/v2\/media\/302694"}],"wp:attachment":[{"href":"https:\/\/archive.sana.sy\/tr\/index.php?rest_route=%2Fwp%2Fv2%2Fmedia&parent=302693"}],"wp:term":[{"taxonomy":"category","embeddable":true,"href":"https:\/\/archive.sana.sy\/tr\/index.php?rest_route=%2Fwp%2Fv2%2Fcategories&post=302693"},{"taxonomy":"post_tag","embeddable":true,"href":"https:\/\/archive.sana.sy\/tr\/index.php?rest_route=%2Fwp%2Fv2%2Ftags&post=302693"}],"curies":[{"name":"wp","href":"https:\/\/api.w.org\/{rel}","templated":true}]}}