{"id":302701,"date":"2024-05-31T12:51:02","date_gmt":"2024-05-31T09:51:02","guid":{"rendered":"https:\/\/sana.sy\/tr\/?p=302701"},"modified":"2024-06-02T11:04:25","modified_gmt":"2024-06-02T08:04:25","slug":"medvedev-nato-ile-askeri-catisma-daha-da-kotulesiyor","status":"publish","type":"post","link":"https:\/\/archive.sana.sy\/tr\/?p=302701","title":{"rendered":"Medvedev: NATO \u0130le Askeri \u00c7at\u0131\u015fma Daha Da K\u00f6t\u00fcle\u015fiyor"},"content":{"rendered":"<p style=\"text-align: justify;\"><strong>MOSKOVA (SANA) &#8211;<\/strong>\u00a0 Rusya G\u00fcvenlik Konseyi Ba\u015fkan Yard\u0131mc\u0131s\u0131 Dmitry Medvedev, Rusya ile Bat\u0131 aras\u0131ndaki mevcut askeri \u00e7at\u0131\u015fman\u0131n m\u00fcmk\u00fcn olan en k\u00f6t\u00fc senaryolara g\u00f6re geli\u015fti\u011fini belirtti.<\/p>\n<p style=\"text-align: justify;\">Medvedev, Telegram uygulamas\u0131ndaki bir g\u00f6nderide \u015funu yazd\u0131: &#8220;Uzun menzilli silahlar\u0131n\u0131 Rusya topraklar\u0131n\u0131n derinliklerinde kullanmay\u0131 kabul eden Bat\u0131l\u0131 \u00fclkeler \u015funu bilmelidir ki, Rusya topraklar\u0131na buradan sald\u0131r\u0131 yap\u0131lmas\u0131 durumunda Ukrayna&#8217;da veya di\u011fer b\u00f6lgelerde bize kar\u015f\u0131 sava\u015fan t\u00fcm askeri te\u00e7hizat ve uzmanlar imha edilecektir.&#8221;<\/p>\n<p style=\"text-align: justify;\">Medvedev, \u00fclkesinin Ukrayna&#8217;n\u0131n kulland\u0131\u011f\u0131 t\u00fcm uzun menzilli silahlar\u0131n bug\u00fcn NATO \u00fclkelerinin do\u011frudan askeri kontrol\u00fcne tabi oldu\u011fu ger\u00e7e\u011fine dayand\u0131\u011f\u0131na dikkat \u00e7ekti.<\/p>\n<p style=\"text-align: justify;\">Medvedev ayrca, NATO \u00fclkelerinden gelecek bu t\u00fcr yard\u0131mlar\u0131n, ister uzun menzilli seyir f\u00fczelerinin kontrol\u00fcyle ilgili olsun, isterse Ukrayna&#8217;ya birlik g\u00f6nderilmesiyle ilgili olsun, Rusya&#8217;ya kar\u015f\u0131 olaca\u011f\u0131 konusunda uyard\u0131.<\/p>\n<p style=\"text-align: justify;\">Medvedev payla\u015f\u0131m\u0131nda da, Bat\u0131 ile mevcut askeri \u00e7at\u0131\u015fman\u0131n m\u00fcmk\u00fcn olan en k\u00f6t\u00fc senaryolara g\u00f6re geli\u015fti\u011fini ve kullan\u0131lan NATO silahlar\u0131n\u0131n g\u00fcc\u00fcnde s\u00fcrekli bir art\u0131\u015f oldu\u011funu, dolay\u0131s\u0131yla bug\u00fcn hi\u00e7 kimsenin \u00e7at\u0131\u015fman\u0131n son a\u015famas\u0131na ge\u00e7i\u015fini g\u00f6z ard\u0131 edemeyece\u011fini bildirdi.<\/p>\n<p style=\"text-align: center;\"><strong><a href=\"https:\/\/t.me\/SuriyeArapHaberAjansI\">Telegram Kanal\u0131m\u0131z\u00a0<\/a>||<a href=\"https:\/\/twitter.com\/arap_ajans\">X Platformumuz\u00a0<\/a>||<a href=\"https:\/\/www.facebook.com\/SANAHaberAjansi\/\">Facebook Sayfam\u0131z<\/a><\/strong><\/p>\n","protected":false},"excerpt":{"rendered":"<p>MOSKOVA (SANA) &#8211;\u00a0 Rusya G\u00fcvenlik Konseyi Ba\u015fkan Yard\u0131mc\u0131s\u0131 Dmitry Medvedev, Rusya ile Bat\u0131 aras\u0131ndaki mevcut askeri \u00e7at\u0131\u015fman\u0131n m\u00fcmk\u00fcn olan en k\u00f6t\u00fc senaryolara g\u00f6re geli\u015fti\u011fini belirtti. Medvedev, Telegram uygulamas\u0131ndaki bir g\u00f6nderide \u015funu yazd\u0131: &#8220;Uzun menzilli silahlar\u0131n\u0131 Rusya topraklar\u0131n\u0131n derinliklerinde kullanmay\u0131 kabul eden Bat\u0131l\u0131 \u00fclkeler \u015funu bilmelidir ki, Rusya topraklar\u0131na buradan sald\u0131r\u0131 yap\u0131lmas\u0131 durumunda Ukrayna&#8217;da veya di\u011fer &hellip;<\/p>\n","protected":false},"author":41,"featured_media":302702,"comment_status":"closed","ping_status":"closed","sticky":false,"template":"","format":"standard","meta":{"footnotes":""},"categories":[458,459,17988],"tags":[41567],"class_list":["post-302701","post","type-post","status-publish","format-standard","has-post-thumbnail","","category-dunya1","category-haberler-arap-uluslararasi-politika","category-son-haberler","tag-medvedev-nato-ile-askeri-catisma-daha-da-kotulesiyor"],"_links":{"self":[{"href":"https:\/\/archive.sana.sy\/tr\/index.php?rest_route=\/wp\/v2\/posts\/302701","targetHints":{"allow":["GET"]}}],"collection":[{"href":"https:\/\/archive.sana.sy\/tr\/index.php?rest_route=\/wp\/v2\/posts"}],"about":[{"href":"https:\/\/archive.sana.sy\/tr\/index.php?rest_route=\/wp\/v2\/types\/post"}],"author":[{"embeddable":true,"href":"https:\/\/archive.sana.sy\/tr\/index.php?rest_route=\/wp\/v2\/users\/41"}],"replies":[{"embeddable":true,"href":"https:\/\/archive.sana.sy\/tr\/index.php?rest_route=%2Fwp%2Fv2%2Fcomments&post=302701"}],"version-history":[{"count":1,"href":"https:\/\/archive.sana.sy\/tr\/index.php?rest_route=\/wp\/v2\/posts\/302701\/revisions"}],"predecessor-version":[{"id":302703,"href":"https:\/\/archive.sana.sy\/tr\/index.php?rest_route=\/wp\/v2\/posts\/302701\/revisions\/302703"}],"wp:featuredmedia":[{"embeddable":true,"href":"https:\/\/archive.sana.sy\/tr\/index.php?rest_route=\/wp\/v2\/media\/302702"}],"wp:attachment":[{"href":"https:\/\/archive.sana.sy\/tr\/index.php?rest_route=%2Fwp%2Fv2%2Fmedia&parent=302701"}],"wp:term":[{"taxonomy":"category","embeddable":true,"href":"https:\/\/archive.sana.sy\/tr\/index.php?rest_route=%2Fwp%2Fv2%2Fcategories&post=302701"},{"taxonomy":"post_tag","embeddable":true,"href":"https:\/\/archive.sana.sy\/tr\/index.php?rest_route=%2Fwp%2Fv2%2Ftags&post=302701"}],"curies":[{"name":"wp","href":"https:\/\/api.w.org\/{rel}","templated":true}]}}