{"id":302714,"date":"2024-05-31T16:23:33","date_gmt":"2024-05-31T13:23:33","guid":{"rendered":"https:\/\/sana.sy\/tr\/?p=302714"},"modified":"2024-06-02T11:04:34","modified_gmt":"2024-06-02T08:04:34","slug":"peskov-ukraynadaki-kriz-rusya-olmadan-cozulemez","status":"publish","type":"post","link":"https:\/\/archive.sana.sy\/tr\/?p=302714","title":{"rendered":"Peskov: Ukrayna&#8217;daki Kriz Rusya Olmadan \u00c7\u00f6z\u00fclemez"},"content":{"rendered":"<p style=\"text-align: justify;\"><strong>MOSKOVA (SANA)<\/strong> &#8211; Rusya devlet ba\u015fkanl\u0131\u011f\u0131 s\u00f6zc\u00fcs\u00fc Dmitry Peskov, Ukrayna&#8217;daki anla\u015fmazl\u0131\u011f\u0131 Rusya&#8217;n\u0131n kat\u0131l\u0131m\u0131 olmadan \u00e7\u00f6zmenin yollar\u0131n\u0131 araman\u0131n mant\u0131ks\u0131z ve bo\u015funa oldu\u011funu vurgulad\u0131.<\/p>\n<p style=\"text-align: justify;\">Sputnik&#8217;e g\u00f6re Peskov bug\u00fcn gazetecilere \u015funlar\u0131 s\u00f6yledi: &#8220;Ukrayna ihtilaf\u0131ndaki durumdan Rusya&#8217;n\u0131n kat\u0131l\u0131m\u0131 olmadan \u00e7\u0131kmak i\u00e7in se\u00e7enekler aramak kesinlikle mant\u0131ks\u0131z, bo\u015funa ve zaman kayb\u0131d\u0131r.&#8221;<\/p>\n<p style=\"text-align: justify;\">Peskov ayr\u0131ca, &#8220;Genel olarak, Amerikan yap\u0131m\u0131 silahlarla Rusya topraklar\u0131n\u0131 vurmaya y\u00f6nelik giri\u015fimlerin zaten yap\u0131ld\u0131\u011f\u0131n\u0131 biliyoruz ve bu bizim i\u00e7in yeterli ve ABD&#8217;nin bu \u00e7at\u0131\u015fmaya m\u00fcdahalesinin derecesini daha anlaml\u0131 bir \u015fekilde g\u00f6steriyor&#8221; ifadelerini kulland\u0131.<\/p>\n<p style=\"text-align: center;\"><strong><a href=\"https:\/\/t.me\/SuriyeArapHaberAjansI\">Telegram Kanal\u0131m\u0131z\u00a0<\/a>||<a href=\"https:\/\/twitter.com\/arap_ajans\">X Platformumuz\u00a0<\/a>||<a href=\"https:\/\/www.facebook.com\/SANAHaberAjansi\/\">Facebook Sayfam\u0131z<\/a><\/strong><\/p>\n","protected":false},"excerpt":{"rendered":"<p>MOSKOVA (SANA) &#8211; Rusya devlet ba\u015fkanl\u0131\u011f\u0131 s\u00f6zc\u00fcs\u00fc Dmitry Peskov, Ukrayna&#8217;daki anla\u015fmazl\u0131\u011f\u0131 Rusya&#8217;n\u0131n kat\u0131l\u0131m\u0131 olmadan \u00e7\u00f6zmenin yollar\u0131n\u0131 araman\u0131n mant\u0131ks\u0131z ve bo\u015funa oldu\u011funu vurgulad\u0131. Sputnik&#8217;e g\u00f6re Peskov bug\u00fcn gazetecilere \u015funlar\u0131 s\u00f6yledi: &#8220;Ukrayna ihtilaf\u0131ndaki durumdan Rusya&#8217;n\u0131n kat\u0131l\u0131m\u0131 olmadan \u00e7\u0131kmak i\u00e7in se\u00e7enekler aramak kesinlikle mant\u0131ks\u0131z, bo\u015funa ve zaman kayb\u0131d\u0131r.&#8221; Peskov ayr\u0131ca, &#8220;Genel olarak, Amerikan yap\u0131m\u0131 silahlarla Rusya topraklar\u0131n\u0131 vurmaya &hellip;<\/p>\n","protected":false},"author":41,"featured_media":302715,"comment_status":"closed","ping_status":"closed","sticky":false,"template":"","format":"standard","meta":{"footnotes":""},"categories":[458,459,17988],"tags":[41570],"class_list":["post-302714","post","type-post","status-publish","format-standard","has-post-thumbnail","","category-dunya1","category-haberler-arap-uluslararasi-politika","category-son-haberler","tag-peskov-ukraynadaki-kriz-rusya-olmadan-cozulemez"],"_links":{"self":[{"href":"https:\/\/archive.sana.sy\/tr\/index.php?rest_route=\/wp\/v2\/posts\/302714","targetHints":{"allow":["GET"]}}],"collection":[{"href":"https:\/\/archive.sana.sy\/tr\/index.php?rest_route=\/wp\/v2\/posts"}],"about":[{"href":"https:\/\/archive.sana.sy\/tr\/index.php?rest_route=\/wp\/v2\/types\/post"}],"author":[{"embeddable":true,"href":"https:\/\/archive.sana.sy\/tr\/index.php?rest_route=\/wp\/v2\/users\/41"}],"replies":[{"embeddable":true,"href":"https:\/\/archive.sana.sy\/tr\/index.php?rest_route=%2Fwp%2Fv2%2Fcomments&post=302714"}],"version-history":[{"count":1,"href":"https:\/\/archive.sana.sy\/tr\/index.php?rest_route=\/wp\/v2\/posts\/302714\/revisions"}],"predecessor-version":[{"id":302716,"href":"https:\/\/archive.sana.sy\/tr\/index.php?rest_route=\/wp\/v2\/posts\/302714\/revisions\/302716"}],"wp:featuredmedia":[{"embeddable":true,"href":"https:\/\/archive.sana.sy\/tr\/index.php?rest_route=\/wp\/v2\/media\/302715"}],"wp:attachment":[{"href":"https:\/\/archive.sana.sy\/tr\/index.php?rest_route=%2Fwp%2Fv2%2Fmedia&parent=302714"}],"wp:term":[{"taxonomy":"category","embeddable":true,"href":"https:\/\/archive.sana.sy\/tr\/index.php?rest_route=%2Fwp%2Fv2%2Fcategories&post=302714"},{"taxonomy":"post_tag","embeddable":true,"href":"https:\/\/archive.sana.sy\/tr\/index.php?rest_route=%2Fwp%2Fv2%2Ftags&post=302714"}],"curies":[{"name":"wp","href":"https:\/\/api.w.org\/{rel}","templated":true}]}}