{"id":302718,"date":"2024-05-31T16:33:55","date_gmt":"2024-05-31T13:33:55","guid":{"rendered":"https:\/\/sana.sy\/tr\/?p=302718"},"modified":"2024-06-02T11:04:36","modified_gmt":"2024-06-02T08:04:36","slug":"irakta-duzenlenen-dr-naci-el-tikriti-uluslararasi-yarismasinda-3-suriyeli-yazar-ileri-dereceler-kazandi","status":"publish","type":"post","link":"https:\/\/archive.sana.sy\/tr\/?p=302718","title":{"rendered":"Irak&#8217;ta D\u00fczenlenen Dr. Naci El Tikriti Uluslararas\u0131 Yar\u0131\u015fmas\u0131nda 3 Suriyeli Yazar \u0130leri Dereceler Kazand\u0131"},"content":{"rendered":"<p style=\"text-align: justify;\"><strong>BA\u011eDAT (SANA) &#8211; <\/strong>Sonu\u00e7lar\u0131 Irak&#8217;\u0131n Tikrit kentindeki K\u00fclt\u00fcr ve Sanat Saray\u0131&#8217;nda kazananlar i\u00e7in d\u00fczenlenen onur t\u00f6reninde a\u00e7\u0131klanan &#8220;Naci El Takriti Yarat\u0131c\u0131l\u0131k \u00d6d\u00fcl\u00fc&#8221;nde birincilik de dahil olmak \u00fczere \u00fc\u00e7 Suriyeli yazar ileri dereceler elde etti.<\/p>\n<p style=\"text-align: justify;\">22 Arap ve uluslararas\u0131 \u00fclkeden 640 k\u0131sa \u00f6yk\u00fc metni, \u00f6d\u00fcl\u00fcn Irak&#8217;taki haz\u0131rl\u0131k komitesine ula\u015ft\u0131 ve 475 \u00f6yk\u00fc buna havale edildi; bu say\u0131dan \u00fc\u00e7 Suriyeli yazar ileri d\u00fczey pozisyonlarda yer ald\u0131.<\/p>\n<p style=\"text-align: justify;\">Bu yazarlar birincilik kazanan yazar \u0130brahim Avvad Halef, d\u00f6rd\u00fcnc\u00fcl\u00fck kazanan yazar Nacah \u0130brahim ve sekizincilik kazanan yazar Suzan El Sabi oldu.<\/p>\n<p style=\"text-align: center;\"><strong><a href=\"https:\/\/t.me\/SuriyeArapHaberAjansI\">Telegram Kanal\u0131m\u0131z\u00a0<\/a>||<a href=\"https:\/\/twitter.com\/arap_ajans\">X Platformumuz\u00a0<\/a>||<a href=\"https:\/\/www.facebook.com\/SANAHaberAjansi\/\">Facebook Sayfam\u0131z<\/a><\/strong><\/p>\n","protected":false},"excerpt":{"rendered":"<p>BA\u011eDAT (SANA) &#8211; Sonu\u00e7lar\u0131 Irak&#8217;\u0131n Tikrit kentindeki K\u00fclt\u00fcr ve Sanat Saray\u0131&#8217;nda kazananlar i\u00e7in d\u00fczenlenen onur t\u00f6reninde a\u00e7\u0131klanan &#8220;Naci El Takriti Yarat\u0131c\u0131l\u0131k \u00d6d\u00fcl\u00fc&#8221;nde birincilik de dahil olmak \u00fczere \u00fc\u00e7 Suriyeli yazar ileri dereceler elde etti. 22 Arap ve uluslararas\u0131 \u00fclkeden 640 k\u0131sa \u00f6yk\u00fc metni, \u00f6d\u00fcl\u00fcn Irak&#8217;taki haz\u0131rl\u0131k komitesine ula\u015ft\u0131 ve 475 \u00f6yk\u00fc buna havale edildi; bu &hellip;<\/p>\n","protected":false},"author":41,"featured_media":302719,"comment_status":"closed","ping_status":"closed","sticky":false,"template":"","format":"standard","meta":{"footnotes":""},"categories":[458,459,17988],"tags":[41571,39944],"class_list":["post-302718","post","type-post","status-publish","format-standard","has-post-thumbnail","","category-dunya1","category-haberler-arap-uluslararasi-politika","category-son-haberler","tag-irakta-duzenlenen-dr-naci-el-tikriti-uluslararasi-yarismasinda-3-suriyeli-yazar-ileri-dereceler-kazandi","tag-suriyede-kultur-durumu"],"_links":{"self":[{"href":"https:\/\/archive.sana.sy\/tr\/index.php?rest_route=\/wp\/v2\/posts\/302718","targetHints":{"allow":["GET"]}}],"collection":[{"href":"https:\/\/archive.sana.sy\/tr\/index.php?rest_route=\/wp\/v2\/posts"}],"about":[{"href":"https:\/\/archive.sana.sy\/tr\/index.php?rest_route=\/wp\/v2\/types\/post"}],"author":[{"embeddable":true,"href":"https:\/\/archive.sana.sy\/tr\/index.php?rest_route=\/wp\/v2\/users\/41"}],"replies":[{"embeddable":true,"href":"https:\/\/archive.sana.sy\/tr\/index.php?rest_route=%2Fwp%2Fv2%2Fcomments&post=302718"}],"version-history":[{"count":1,"href":"https:\/\/archive.sana.sy\/tr\/index.php?rest_route=\/wp\/v2\/posts\/302718\/revisions"}],"predecessor-version":[{"id":302720,"href":"https:\/\/archive.sana.sy\/tr\/index.php?rest_route=\/wp\/v2\/posts\/302718\/revisions\/302720"}],"wp:featuredmedia":[{"embeddable":true,"href":"https:\/\/archive.sana.sy\/tr\/index.php?rest_route=\/wp\/v2\/media\/302719"}],"wp:attachment":[{"href":"https:\/\/archive.sana.sy\/tr\/index.php?rest_route=%2Fwp%2Fv2%2Fmedia&parent=302718"}],"wp:term":[{"taxonomy":"category","embeddable":true,"href":"https:\/\/archive.sana.sy\/tr\/index.php?rest_route=%2Fwp%2Fv2%2Fcategories&post=302718"},{"taxonomy":"post_tag","embeddable":true,"href":"https:\/\/archive.sana.sy\/tr\/index.php?rest_route=%2Fwp%2Fv2%2Ftags&post=302718"}],"curies":[{"name":"wp","href":"https:\/\/api.w.org\/{rel}","templated":true}]}}