{"id":302727,"date":"2024-06-01T10:39:15","date_gmt":"2024-06-01T07:39:15","guid":{"rendered":"https:\/\/sana.sy\/tr\/?p=302727"},"modified":"2024-06-02T11:04:46","modified_gmt":"2024-06-02T08:04:46","slug":"columbia-universitesi-ogrencileri-israilin-gazzeye-yonelik-devam-eden-saldirganligini-protesto-ediyor","status":"publish","type":"post","link":"https:\/\/archive.sana.sy\/tr\/?p=302727","title":{"rendered":"Columbia \u00dcniversitesi \u00d6\u011frencileri \u0130srail&#8217;in Gazze&#8217;ye Y\u00f6nelik Devam Eden Sald\u0131rganl\u0131\u011f\u0131n\u0131 Protesto ediyor"},"content":{"rendered":"<p style=\"text-align: justify;\"><strong>VA\u015e\u0130NGTON (SANA) \u2013 <\/strong>New York Eyaleti&#8217;ndeki Columbia \u00dcniversitesi&#8217;ndeki \u00f6\u011frenciler, \u0130srail&#8217;in Gazze \u015eeridi&#8217;ne y\u00f6nelik 239. g\u00fcn\u00fcnde devam eden sald\u0131rganl\u0131\u011f\u0131n\u0131 protesto etmek amac\u0131yla bir haftadan k\u0131sa bir s\u00fcre i\u00e7inde \u00fcniversite kap\u0131s\u0131 d\u0131\u015f\u0131nda yeniden g\u00f6steri yapmak \u00fczere geri d\u00f6nd\u00fcler.<\/p>\n<p style=\"text-align: justify;\">Wafa Ajans\u0131, \u00fcniversite \u00f6\u011frencilerinin devam eden sald\u0131rganl\u0131\u011f\u0131 ve \u00fcniversite y\u00f6netiminin i\u015fgalci yap\u0131yla yat\u0131r\u0131mlar\u0131 durdurma taleplerini kar\u015f\u0131layamamas\u0131n\u0131 protesto etmek i\u00e7in \u00fcniversitenin g\u00fcney meydan\u0131nda &#8220;Refah Devrimi&#8221; adl\u0131 \u00e7ad\u0131rlar\u0131 yeniden kurduklar\u0131n\u0131 bildirdi.<\/p>\n<p style=\"text-align: justify;\">Bu kapsamda Brooklyn M\u00fczesi \u00f6n\u00fcnde toplanan onlarca protestocu, m\u00fcze y\u00f6netiminin &#8220;\u0130srail&#8221;i destekleyen \u015firketlere yapt\u0131\u011f\u0131 yat\u0131r\u0131mlar\u0131 durdurmas\u0131n\u0131 ve onlarla ba\u011flar\u0131n\u0131 koparmas\u0131n\u0131 talep etti.<\/p>\n<p style=\"text-align: center;\"><strong><a href=\"https:\/\/t.me\/SuriyeArapHaberAjansI\">Telegram Kanal\u0131m\u0131z\u00a0<\/a>||<a href=\"https:\/\/twitter.com\/arap_ajans\">X Platformumuz\u00a0<\/a>||<a href=\"https:\/\/www.facebook.com\/SANAHaberAjansi\/\">Facebook Sayfam\u0131z<\/a><\/strong><\/p>\n","protected":false},"excerpt":{"rendered":"<p>VA\u015e\u0130NGTON (SANA) \u2013 New York Eyaleti&#8217;ndeki Columbia \u00dcniversitesi&#8217;ndeki \u00f6\u011frenciler, \u0130srail&#8217;in Gazze \u015eeridi&#8217;ne y\u00f6nelik 239. g\u00fcn\u00fcnde devam eden sald\u0131rganl\u0131\u011f\u0131n\u0131 protesto etmek amac\u0131yla bir haftadan k\u0131sa bir s\u00fcre i\u00e7inde \u00fcniversite kap\u0131s\u0131 d\u0131\u015f\u0131nda yeniden g\u00f6steri yapmak \u00fczere geri d\u00f6nd\u00fcler. Wafa Ajans\u0131, \u00fcniversite \u00f6\u011frencilerinin devam eden sald\u0131rganl\u0131\u011f\u0131 ve \u00fcniversite y\u00f6netiminin i\u015fgalci yap\u0131yla yat\u0131r\u0131mlar\u0131 durdurma taleplerini kar\u015f\u0131layamamas\u0131n\u0131 protesto etmek i\u00e7in &hellip;<\/p>\n","protected":false},"author":36,"featured_media":302728,"comment_status":"closed","ping_status":"closed","sticky":false,"template":"","format":"standard","meta":{"footnotes":""},"categories":[458,459,17988],"tags":[],"class_list":["post-302727","post","type-post","status-publish","format-standard","has-post-thumbnail","","category-dunya1","category-haberler-arap-uluslararasi-politika","category-son-haberler"],"_links":{"self":[{"href":"https:\/\/archive.sana.sy\/tr\/index.php?rest_route=\/wp\/v2\/posts\/302727","targetHints":{"allow":["GET"]}}],"collection":[{"href":"https:\/\/archive.sana.sy\/tr\/index.php?rest_route=\/wp\/v2\/posts"}],"about":[{"href":"https:\/\/archive.sana.sy\/tr\/index.php?rest_route=\/wp\/v2\/types\/post"}],"author":[{"embeddable":true,"href":"https:\/\/archive.sana.sy\/tr\/index.php?rest_route=\/wp\/v2\/users\/36"}],"replies":[{"embeddable":true,"href":"https:\/\/archive.sana.sy\/tr\/index.php?rest_route=%2Fwp%2Fv2%2Fcomments&post=302727"}],"version-history":[{"count":2,"href":"https:\/\/archive.sana.sy\/tr\/index.php?rest_route=\/wp\/v2\/posts\/302727\/revisions"}],"predecessor-version":[{"id":302748,"href":"https:\/\/archive.sana.sy\/tr\/index.php?rest_route=\/wp\/v2\/posts\/302727\/revisions\/302748"}],"wp:featuredmedia":[{"embeddable":true,"href":"https:\/\/archive.sana.sy\/tr\/index.php?rest_route=\/wp\/v2\/media\/302728"}],"wp:attachment":[{"href":"https:\/\/archive.sana.sy\/tr\/index.php?rest_route=%2Fwp%2Fv2%2Fmedia&parent=302727"}],"wp:term":[{"taxonomy":"category","embeddable":true,"href":"https:\/\/archive.sana.sy\/tr\/index.php?rest_route=%2Fwp%2Fv2%2Fcategories&post=302727"},{"taxonomy":"post_tag","embeddable":true,"href":"https:\/\/archive.sana.sy\/tr\/index.php?rest_route=%2Fwp%2Fv2%2Ftags&post=302727"}],"curies":[{"name":"wp","href":"https:\/\/api.w.org\/{rel}","templated":true}]}}