{"id":302730,"date":"2024-06-01T11:29:58","date_gmt":"2024-06-01T08:29:58","guid":{"rendered":"https:\/\/sana.sy\/tr\/?p=302730"},"modified":"2024-06-02T11:56:03","modified_gmt":"2024-06-02T08:56:03","slug":"aksa-tufani-operasyonu-bugunun-en-one-cikan-gelismeleri-152","status":"publish","type":"post","link":"https:\/\/archive.sana.sy\/tr\/?p=302730","title":{"rendered":"Aksa Tufan\u0131 Operasyonu\u2026 Bug\u00fcn\u00fcn En \u00d6ne \u00c7\u0131kan Geli\u015fmeleri"},"content":{"rendered":"<p style=\"text-align: justify;\"><strong>\u0130\u015eGAL ED\u0130LEN KUD\u00dcS (SANA) \u2013\u00a0<\/strong>Filistin direni\u015finin i\u015fgalci \u0130srail\u2019in sald\u0131rganl\u0131\u011f\u0131na yan\u0131t olarak 7 Ekim\u2019de ba\u015flatt\u0131\u011f\u0131 Aksa Tufan\u0131 Operasyonu\u2019nda \u00f6ne \u00e7\u0131kan geli\u015fmeler:<\/p>\n<ul>\n<li style=\"text-align: justify;\">Filistin direni\u015fi, Gazze \u015fehrinin g\u00fcneybat\u0131s\u0131ndaki Tel El Hava&#8217;da \u0130srail d\u00fc\u015fman askerlerini ve ara\u00e7lar\u0131n\u0131 havan toplar\u0131yla hedef ald\u0131.<\/li>\n<li style=\"text-align: justify;\">Filistin direni\u015fi, Gazze \u015eeridi&#8217;nin g\u00fcneyindeki Refah \u015fehrinin bat\u0131s\u0131nda \u0130srailli d\u00fc\u015fman askerleri ve ara\u00e7lar\u0131ndan olu\u015fan bir toplant\u0131y\u0131 havan toplar\u0131yla bombalad\u0131.<\/li>\n<li style=\"text-align: justify;\">Filistin direni\u015fi, Gazze \u015eeridi&#8217;nin g\u00fcneyindeki Refah kentindeki Yabna kamp\u0131na \u0130srail d\u00fc\u015fman askerlerini ve ara\u00e7lar\u0131n\u0131 havan toplar\u0131yla bombalad\u0131.<\/li>\n<li style=\"text-align: justify;\">Filistin medyas\u0131: \u0130srail i\u015fgalinin, Gazze \u015fehrinin g\u00fcneydo\u011fusundaki El Zaytun mahallesinde yerlerinden edilmi\u015f insanlar\u0131n bar\u0131nd\u0131\u011f\u0131 bir okulu bombalamas\u0131 sonucu \u015fehitler ve yaral\u0131lar.<\/li>\n<li style=\"text-align: justify;\">Filistin Sa\u011fl\u0131k Bakanl\u0131\u011f\u0131: \u0130\u015fgalin devam eden ge\u00e7itleri kapatmas\u0131 ve yard\u0131m giri\u015fini engellemesi sonucunda Gazze \u015eeridi&#8217;nde yetersiz beslenme ve susuzluktan \u00f6lenlerin say\u0131s\u0131 37&#8217;ye y\u00fckseldi.<\/li>\n<li style=\"text-align: justify;\">Mansur, UNRWA&#8217;y\u0131 savunmak ve \u00e7al\u0131\u015fmalar\u0131n\u0131n devam\u0131n\u0131 sa\u011flamak i\u00e7in UNRWA&#8217;ya ba\u011f\u0131\u015f yapan \u00fclke ve kurulu\u015flara duyulan ihtiyac\u0131n alt\u0131n\u0131 \u00e7izdi.<\/li>\n<li style=\"text-align: justify;\"><a href=\"https:\/\/www.sana.sy\/tr\/?p=302727\">Columbia \u00dcniversitesi \u00d6\u011frencileri \u0130srail\u2019in Gazze\u2019ye Y\u00f6nelik Devam Eden Sald\u0131rganl\u0131\u011f\u0131n\u0131 Protesto etti.<\/a><\/li>\n<\/ul>\n<p style=\"text-align: center;\"><strong><a href=\"https:\/\/t.me\/SuriyeArapHaberAjansI\">Telegram Kanal\u0131m\u0131z\u00a0<\/a>||<a href=\"https:\/\/twitter.com\/arap_ajans\">X Platformumuz\u00a0<\/a>||<a href=\"https:\/\/www.facebook.com\/SANAHaberAjansi\/\">Facebook Sayfam\u0131z<\/a><\/strong><\/p>\n","protected":false},"excerpt":{"rendered":"<p>\u0130\u015eGAL ED\u0130LEN KUD\u00dcS (SANA) \u2013\u00a0Filistin direni\u015finin i\u015fgalci \u0130srail\u2019in sald\u0131rganl\u0131\u011f\u0131na yan\u0131t olarak 7 Ekim\u2019de ba\u015flatt\u0131\u011f\u0131 Aksa Tufan\u0131 Operasyonu\u2019nda \u00f6ne \u00e7\u0131kan geli\u015fmeler: Filistin direni\u015fi, Gazze \u015fehrinin g\u00fcneybat\u0131s\u0131ndaki Tel El Hava&#8217;da \u0130srail d\u00fc\u015fman askerlerini ve ara\u00e7lar\u0131n\u0131 havan toplar\u0131yla hedef ald\u0131. Filistin direni\u015fi, Gazze \u015eeridi&#8217;nin g\u00fcneyindeki Refah \u015fehrinin bat\u0131s\u0131nda \u0130srailli d\u00fc\u015fman askerleri ve ara\u00e7lar\u0131ndan olu\u015fan bir toplant\u0131y\u0131 havan toplar\u0131yla &hellip;<\/p>\n","protected":false},"author":36,"featured_media":302734,"comment_status":"closed","ping_status":"closed","sticky":false,"template":"","format":"standard","meta":{"footnotes":""},"categories":[458,459,17988],"tags":[40813,41585,40122],"class_list":["post-302730","post","type-post","status-publish","format-standard","has-post-thumbnail","","category-dunya1","category-haberler-arap-uluslararasi-politika","category-son-haberler","tag-aksa-tufani-operasyonu-bugunun-en-one-cikan-gelismeleri","tag-gazze-seridindeki-son-gelimeler","tag-gazzede-son-durum"],"_links":{"self":[{"href":"https:\/\/archive.sana.sy\/tr\/index.php?rest_route=\/wp\/v2\/posts\/302730","targetHints":{"allow":["GET"]}}],"collection":[{"href":"https:\/\/archive.sana.sy\/tr\/index.php?rest_route=\/wp\/v2\/posts"}],"about":[{"href":"https:\/\/archive.sana.sy\/tr\/index.php?rest_route=\/wp\/v2\/types\/post"}],"author":[{"embeddable":true,"href":"https:\/\/archive.sana.sy\/tr\/index.php?rest_route=\/wp\/v2\/users\/36"}],"replies":[{"embeddable":true,"href":"https:\/\/archive.sana.sy\/tr\/index.php?rest_route=%2Fwp%2Fv2%2Fcomments&post=302730"}],"version-history":[{"count":3,"href":"https:\/\/archive.sana.sy\/tr\/index.php?rest_route=\/wp\/v2\/posts\/302730\/revisions"}],"predecessor-version":[{"id":302789,"href":"https:\/\/archive.sana.sy\/tr\/index.php?rest_route=\/wp\/v2\/posts\/302730\/revisions\/302789"}],"wp:featuredmedia":[{"embeddable":true,"href":"https:\/\/archive.sana.sy\/tr\/index.php?rest_route=\/wp\/v2\/media\/302734"}],"wp:attachment":[{"href":"https:\/\/archive.sana.sy\/tr\/index.php?rest_route=%2Fwp%2Fv2%2Fmedia&parent=302730"}],"wp:term":[{"taxonomy":"category","embeddable":true,"href":"https:\/\/archive.sana.sy\/tr\/index.php?rest_route=%2Fwp%2Fv2%2Fcategories&post=302730"},{"taxonomy":"post_tag","embeddable":true,"href":"https:\/\/archive.sana.sy\/tr\/index.php?rest_route=%2Fwp%2Fv2%2Ftags&post=302730"}],"curies":[{"name":"wp","href":"https:\/\/api.w.org\/{rel}","templated":true}]}}