{"id":302752,"date":"2024-06-01T06:54:46","date_gmt":"2024-06-01T03:54:46","guid":{"rendered":"https:\/\/sana.sy\/tr\/?p=302752"},"modified":"2024-06-02T11:04:38","modified_gmt":"2024-06-02T08:04:38","slug":"seyyid-nasrullah-gazze-varolussal-bir-savastir-ve-guney-cephesi-guclu-ve-baskicidir","status":"publish","type":"post","link":"https:\/\/archive.sana.sy\/tr\/?p=302752","title":{"rendered":"Seyyid Nasrullah: Gazze Varolu\u015fsal Bir Sava\u015ft\u0131r&#8230; Ve G\u00fcney Cephesi G\u00fc\u00e7l\u00fc Ve Bask\u0131c\u0131d\u0131r"},"content":{"rendered":"<p style=\"text-align: justify;\"><strong>BEYRUT (SANA)<\/strong> &#8211; Hizbullah Genel Sekreteri Hasan Nasrullah, Gazze sava\u015f\u0131n\u0131n bir varolu\u015f sava\u015f\u0131 oldu\u011funu ve bu sava\u015fta \u0130srail i\u015fgalinin yenilgiye u\u011frat\u0131lmas\u0131n\u0131n \u00e7e\u015fitli alanlarda ve t\u00fcm b\u00f6lgede \u00e7ok b\u00fcy\u00fck etkileri olaca\u011f\u0131n\u0131 do\u011frulad\u0131.<\/p>\n<p style=\"text-align: justify;\">Seyyid Nasrullah bug\u00fcnk\u00fc konu\u015fmas\u0131nda \u015funlar\u0131 s\u00f6yledi: &#8220;\u0130\u015fgal H\u00fck\u00fcmetinin Ba\u015fbakan\u0131 Binyamin Netanyahu, Gazze \u015eeridi&#8217;ndeki imha sava\u015f\u0131n\u0131 s\u00fcrd\u00fcrmekte \u0131srar ederek \u0130srail taraf\u0131n\u0131n durumunu daha da k\u00f6t\u00fcle\u015ftiriyor.&#8221;<\/p>\n<p style=\"text-align: justify;\">Say\u0131n Nasrullah ayr\u0131ca, Gazze&#8217;deki i\u015fgal katliamlar\u0131ndan dolay\u0131 bir\u00e7ok \u00fclkenin k\u0131nand\u0131\u011f\u0131n\u0131 ve Filistin Devleti&#8217;ni Aksa Tufan Sava\u015f\u0131&#8217;n\u0131n sonu\u00e7lar\u0131ndan biri olarak tan\u0131d\u0131klar\u0131n\u0131 kaydederek, Gazze&#8217;deki sava\u015f\u0131n hala devam etti\u011fine dikkat \u00e7ekerken, d\u00fcnya i\u015fgal i\u00e7in s\u0131n\u0131rs\u0131z destek nedeniyle \u00e7aresiz dururken, baz\u0131 cayd\u0131r\u0131c\u0131l\u0131k ve koruma i\u00e7in uluslararas\u0131 topluluk \u00fczerine bahisler.<\/p>\n<p style=\"text-align: justify;\">Seyyid Nasrullah, direni\u015f cephesinin her zamankinden daha b\u00fcy\u00fck, daha geni\u015f, daha kapsaml\u0131 ve daha g\u00fc\u00e7l\u00fc hale geldi\u011fini vurgularken, &#8220;\u0130srail&#8217;in Gazze&#8217;deki su\u00e7lar\u0131na kar\u015f\u0131 onurlu, insani ve ahlaki duru\u015fun bir par\u00e7as\u0131 olarak Amerikan ve Bat\u0131l\u0131 \u00fcniversitelerdeki \u00f6\u011frencilerin hareketi yoluyla geni\u015fliyor&#8221; ifadelerini kulland\u0131.<\/p>\n<p style=\"text-align: justify;\">Seyyid Nasrullah, G\u00fcney L\u00fcbnan Cephesi&#8217;nin \u0130srail d\u00fc\u015fman\u0131na kar\u015f\u0131 g\u00fc\u00e7l\u00fc bir destek ve bask\u0131 cephesi oldu\u011funu, ayn\u0131 zamanda stratejik ve g\u00fcvenlik d\u00fczeyinde Filistin, L\u00fcbnan ve b\u00f6lgenin kaderini \u015fekillendiren sava\u015f\u0131n bir par\u00e7as\u0131 oldu\u011funu kaydetti.<\/p>\n<p style=\"text-align: center;\"><strong><a href=\"https:\/\/t.me\/SuriyeArapHaberAjansI\">Telegram Kanal\u0131m\u0131z\u00a0<\/a>||<a href=\"https:\/\/twitter.com\/arap_ajans\">X Platformumuz\u00a0<\/a>||<a href=\"https:\/\/www.facebook.com\/SANAHaberAjansi\/\">Facebook Sayfam\u0131z<\/a><\/strong><\/p>\n","protected":false},"excerpt":{"rendered":"<p>BEYRUT (SANA) &#8211; Hizbullah Genel Sekreteri Hasan Nasrullah, Gazze sava\u015f\u0131n\u0131n bir varolu\u015f sava\u015f\u0131 oldu\u011funu ve bu sava\u015fta \u0130srail i\u015fgalinin yenilgiye u\u011frat\u0131lmas\u0131n\u0131n \u00e7e\u015fitli alanlarda ve t\u00fcm b\u00f6lgede \u00e7ok b\u00fcy\u00fck etkileri olaca\u011f\u0131n\u0131 do\u011frulad\u0131. Seyyid Nasrullah bug\u00fcnk\u00fc konu\u015fmas\u0131nda \u015funlar\u0131 s\u00f6yledi: &#8220;\u0130\u015fgal H\u00fck\u00fcmetinin Ba\u015fbakan\u0131 Binyamin Netanyahu, Gazze \u015eeridi&#8217;ndeki imha sava\u015f\u0131n\u0131 s\u00fcrd\u00fcrmekte \u0131srar ederek \u0130srail taraf\u0131n\u0131n durumunu daha da k\u00f6t\u00fcle\u015ftiriyor.&#8221; &hellip;<\/p>\n","protected":false},"author":41,"featured_media":302753,"comment_status":"closed","ping_status":"closed","sticky":false,"template":"","format":"standard","meta":{"footnotes":""},"categories":[458,459,17988],"tags":[41574],"class_list":["post-302752","post","type-post","status-publish","format-standard","has-post-thumbnail","","category-dunya1","category-haberler-arap-uluslararasi-politika","category-son-haberler","tag-seyyid-nasrullah-gazze-varolussal-bir-savastir-ve-guney-cephesi-guclu-ve-baskicidir"],"_links":{"self":[{"href":"https:\/\/archive.sana.sy\/tr\/index.php?rest_route=\/wp\/v2\/posts\/302752","targetHints":{"allow":["GET"]}}],"collection":[{"href":"https:\/\/archive.sana.sy\/tr\/index.php?rest_route=\/wp\/v2\/posts"}],"about":[{"href":"https:\/\/archive.sana.sy\/tr\/index.php?rest_route=\/wp\/v2\/types\/post"}],"author":[{"embeddable":true,"href":"https:\/\/archive.sana.sy\/tr\/index.php?rest_route=\/wp\/v2\/users\/41"}],"replies":[{"embeddable":true,"href":"https:\/\/archive.sana.sy\/tr\/index.php?rest_route=%2Fwp%2Fv2%2Fcomments&post=302752"}],"version-history":[{"count":1,"href":"https:\/\/archive.sana.sy\/tr\/index.php?rest_route=\/wp\/v2\/posts\/302752\/revisions"}],"predecessor-version":[{"id":302754,"href":"https:\/\/archive.sana.sy\/tr\/index.php?rest_route=\/wp\/v2\/posts\/302752\/revisions\/302754"}],"wp:featuredmedia":[{"embeddable":true,"href":"https:\/\/archive.sana.sy\/tr\/index.php?rest_route=\/wp\/v2\/media\/302753"}],"wp:attachment":[{"href":"https:\/\/archive.sana.sy\/tr\/index.php?rest_route=%2Fwp%2Fv2%2Fmedia&parent=302752"}],"wp:term":[{"taxonomy":"category","embeddable":true,"href":"https:\/\/archive.sana.sy\/tr\/index.php?rest_route=%2Fwp%2Fv2%2Fcategories&post=302752"},{"taxonomy":"post_tag","embeddable":true,"href":"https:\/\/archive.sana.sy\/tr\/index.php?rest_route=%2Fwp%2Fv2%2Ftags&post=302752"}],"curies":[{"name":"wp","href":"https:\/\/api.w.org\/{rel}","templated":true}]}}