{"id":302755,"date":"2024-06-01T10:00:46","date_gmt":"2024-06-01T07:00:46","guid":{"rendered":"https:\/\/sana.sy\/tr\/?p=302755"},"modified":"2024-06-02T11:04:43","modified_gmt":"2024-06-02T08:04:43","slug":"gazze-ve-direnisle-ilgili-uluslararasi-toplantinin-faaliyetleri-tahranda-baslatildi","status":"publish","type":"post","link":"https:\/\/archive.sana.sy\/tr\/?p=302755","title":{"rendered":"Gazze Ve Direni\u015fle \u0130lgili Uluslararasi Toplantinin Faaliyetleri Tahran&#8217;da Ba\u015flat\u0131ld\u0131"},"content":{"rendered":"<p style=\"text-align: justify;\"><strong>TAHRAN (SANA) &#8211;<\/strong>\u00a0 &#8220;Gazze ve Direni\u015f Uluslararas\u0131 Toplant\u0131s\u0131&#8221;n\u0131n etkinlikleri bug\u00fcn \u0130ran&#8217;\u0131n ba\u015fkenti Tahran&#8217;daki Uluslararas\u0131 Radyo ve Televizyon Konferans Salonu&#8217;nda \u0130ranl\u0131 ve yabanc\u0131 isimlerin kat\u0131l\u0131m\u0131yla ba\u015flad\u0131.<\/p>\n<p style=\"text-align: justify;\">\u0130ran \u0130slam \u015eura Konseyi Ba\u015fkan\u0131 Muhammed Bakir Kalibaf, konu\u015fmas\u0131nda Filistin meselesinin \u0130slam halklar\u0131n\u0131n g\u00fcndemindeki \u00f6nemli meselelerden biri olmaya devam edece\u011fini vurgulayarak,\u00a0 Filistin sorununun \u00e7\u00f6z\u00fcm\u00fc i\u00e7in k\u00fcresel ilginin yo\u011funla\u015ft\u0131r\u0131lmas\u0131 gerekti\u011fine dikkat \u00e7ekti.<\/p>\n<p style=\"text-align: justify;\">Kalibaf, bug\u00fcn d\u00fcnyan\u0131n Filistin&#8217;in sesini y\u00fcksek sesle duydu\u011funa dikkat \u00e7ekerek ayr\u0131ca, \u2018\u2019 Uluslararas\u0131 Lahey Mahkemesi \u0130srail i\u015fgalini a\u00e7\u0131k\u00e7a k\u0131nad\u0131 ve Avrupa ve Amerika&#8217;daki \u00fcniversiteler de \u0130srail taraf\u0131n\u0131n m\u00fcttefiklerinin uygulad\u0131\u011f\u0131 bask\u0131lara ra\u011fmen Filistin halk\u0131n\u0131n \u00f6zg\u00fcrl\u00fc\u011f\u00fcn\u00fc destekleyen platformlara d\u00f6n\u00fc\u015ft\u00fc\u2019\u2019 dedi.<\/p>\n<p style=\"text-align: justify;\">\u0130ran D\u0131\u015fi\u015fleri Bakan Vekili Ali Bakiri Kani ise \u0130ran&#8217;\u0131n Filistin halk\u0131n\u0131n direni\u015fini ve Siyonist sald\u0131rganl\u0131\u011fa kar\u015f\u0131 direni\u015fini desteklemede \u00f6nemli bir rol oynad\u0131\u011f\u0131na dikkat \u00e7ekerken de, \u00fclkesinin b\u00f6lgede istikrar ve bar\u0131\u015f\u0131 yeniden tesis etmek i\u00e7in yap\u0131c\u0131 \u00e7abalar g\u00f6sterdi\u011fini vurgulad\u0131.<\/p>\n<p style=\"text-align: justify;\">Bakiri Kani, \u0130srail&#8217;in Gazze&#8217;ye y\u00f6nelik on binlerce can kayb\u0131na ve b\u00fcy\u00fck y\u0131k\u0131ma neden olan sald\u0131rganl\u0131\u011f\u0131 kar\u015f\u0131s\u0131nda \u0130slam \u00fclkelerinin \u00e7abalar\u0131n\u0131n birle\u015ftirilerek harekete ge\u00e7ilmesi y\u00f6n\u00fcndeki umudunu dile getirdi.<\/p>\n<p style=\"text-align: center;\"><strong><a href=\"https:\/\/t.me\/SuriyeArapHaberAjansI\">Telegram Kanal\u0131m\u0131z\u00a0<\/a>||<a href=\"https:\/\/twitter.com\/arap_ajans\">X Platformumuz\u00a0<\/a>||<a href=\"https:\/\/www.facebook.com\/SANAHaberAjansi\/\">Facebook Sayfam\u0131z<\/a><\/strong><\/p>\n","protected":false},"excerpt":{"rendered":"<p>TAHRAN (SANA) &#8211;\u00a0 &#8220;Gazze ve Direni\u015f Uluslararas\u0131 Toplant\u0131s\u0131&#8221;n\u0131n etkinlikleri bug\u00fcn \u0130ran&#8217;\u0131n ba\u015fkenti Tahran&#8217;daki Uluslararas\u0131 Radyo ve Televizyon Konferans Salonu&#8217;nda \u0130ranl\u0131 ve yabanc\u0131 isimlerin kat\u0131l\u0131m\u0131yla ba\u015flad\u0131. \u0130ran \u0130slam \u015eura Konseyi Ba\u015fkan\u0131 Muhammed Bakir Kalibaf, konu\u015fmas\u0131nda Filistin meselesinin \u0130slam halklar\u0131n\u0131n g\u00fcndemindeki \u00f6nemli meselelerden biri olmaya devam edece\u011fini vurgulayarak,\u00a0 Filistin sorununun \u00e7\u00f6z\u00fcm\u00fc i\u00e7in k\u00fcresel ilginin yo\u011funla\u015ft\u0131r\u0131lmas\u0131 gerekti\u011fine dikkat &hellip;<\/p>\n","protected":false},"author":41,"featured_media":302756,"comment_status":"closed","ping_status":"closed","sticky":false,"template":"","format":"standard","meta":{"footnotes":""},"categories":[458,459,17988],"tags":[],"class_list":["post-302755","post","type-post","status-publish","format-standard","has-post-thumbnail","","category-dunya1","category-haberler-arap-uluslararasi-politika","category-son-haberler"],"_links":{"self":[{"href":"https:\/\/archive.sana.sy\/tr\/index.php?rest_route=\/wp\/v2\/posts\/302755","targetHints":{"allow":["GET"]}}],"collection":[{"href":"https:\/\/archive.sana.sy\/tr\/index.php?rest_route=\/wp\/v2\/posts"}],"about":[{"href":"https:\/\/archive.sana.sy\/tr\/index.php?rest_route=\/wp\/v2\/types\/post"}],"author":[{"embeddable":true,"href":"https:\/\/archive.sana.sy\/tr\/index.php?rest_route=\/wp\/v2\/users\/41"}],"replies":[{"embeddable":true,"href":"https:\/\/archive.sana.sy\/tr\/index.php?rest_route=%2Fwp%2Fv2%2Fcomments&post=302755"}],"version-history":[{"count":1,"href":"https:\/\/archive.sana.sy\/tr\/index.php?rest_route=\/wp\/v2\/posts\/302755\/revisions"}],"predecessor-version":[{"id":302757,"href":"https:\/\/archive.sana.sy\/tr\/index.php?rest_route=\/wp\/v2\/posts\/302755\/revisions\/302757"}],"wp:featuredmedia":[{"embeddable":true,"href":"https:\/\/archive.sana.sy\/tr\/index.php?rest_route=\/wp\/v2\/media\/302756"}],"wp:attachment":[{"href":"https:\/\/archive.sana.sy\/tr\/index.php?rest_route=%2Fwp%2Fv2%2Fmedia&parent=302755"}],"wp:term":[{"taxonomy":"category","embeddable":true,"href":"https:\/\/archive.sana.sy\/tr\/index.php?rest_route=%2Fwp%2Fv2%2Fcategories&post=302755"},{"taxonomy":"post_tag","embeddable":true,"href":"https:\/\/archive.sana.sy\/tr\/index.php?rest_route=%2Fwp%2Fv2%2Ftags&post=302755"}],"curies":[{"name":"wp","href":"https:\/\/api.w.org\/{rel}","templated":true}]}}