{"id":302802,"date":"2024-06-02T12:16:29","date_gmt":"2024-06-02T09:16:29","guid":{"rendered":"https:\/\/sana.sy\/tr\/?p=302802"},"modified":"2024-06-03T12:09:39","modified_gmt":"2024-06-03T09:09:39","slug":"cumhurbaskani-esad-iki-hakime-yonelik-azil-cezasini-uygulayan-iki-kararname-yayinladi","status":"publish","type":"post","link":"https:\/\/archive.sana.sy\/tr\/?p=302802","title":{"rendered":"Cumhurba\u015fkan\u0131 Esad, \u0130ki Hakime Y\u00f6nelik Azil Cezas\u0131n\u0131 Uygulayan \u0130ki Kararname Yay\u0131nlad\u0131"},"content":{"rendered":"<p style=\"text-align: justify;\"><strong>\u015eAM (SANA)<\/strong> &#8211; Cumhurba\u015fkan\u0131 Be\u015f\u015far Esad, Y\u00fcksek Yarg\u0131 Konseyi&#8217;nin Dera ve S\u00fcveyde adalet b\u00f6lgelerindeki iki hakime, y\u00fcr\u00fcrl\u00fckteki yasalara uygun olarak haklar\u0131n\u0131n tasfiye edilmesi \u015fart\u0131yla verdi\u011fi ihra\u00e7 cezas\u0131n\u0131 uygulayan iki kararname yay\u0131nlad\u0131.<\/p>\n<p style=\"text-align: center;\"><strong><a href=\"https:\/\/t.me\/SuriyeArapHaberAjansI\">Telegram Kanal\u0131m\u0131z\u00a0<\/a>||<a href=\"https:\/\/twitter.com\/arap_ajans\">X Platformumuz\u00a0<\/a>||<a href=\"https:\/\/www.facebook.com\/SANAHaberAjansi\/\">Facebook Sayfam\u0131z<\/a><\/strong><\/p>\n","protected":false},"excerpt":{"rendered":"<p>\u015eAM (SANA) &#8211; Cumhurba\u015fkan\u0131 Be\u015f\u015far Esad, Y\u00fcksek Yarg\u0131 Konseyi&#8217;nin Dera ve S\u00fcveyde adalet b\u00f6lgelerindeki iki hakime, y\u00fcr\u00fcrl\u00fckteki yasalara uygun olarak haklar\u0131n\u0131n tasfiye edilmesi \u015fart\u0131yla verdi\u011fi ihra\u00e7 cezas\u0131n\u0131 uygulayan iki kararname yay\u0131nlad\u0131. Telegram Kanal\u0131m\u0131z\u00a0||X Platformumuz\u00a0||Facebook Sayfam\u0131z<\/p>\n","protected":false},"author":39,"featured_media":302803,"comment_status":"closed","ping_status":"closed","sticky":false,"template":"","format":"standard","meta":{"footnotes":""},"categories":[606,605,612],"tags":[],"class_list":["post-302802","post","type-post","status-publish","format-standard","has-post-thumbnail","","category-cumhurbaskani","category-sayin-cumhurbaskani","category-yasama-kararnameler"],"_links":{"self":[{"href":"https:\/\/archive.sana.sy\/tr\/index.php?rest_route=\/wp\/v2\/posts\/302802","targetHints":{"allow":["GET"]}}],"collection":[{"href":"https:\/\/archive.sana.sy\/tr\/index.php?rest_route=\/wp\/v2\/posts"}],"about":[{"href":"https:\/\/archive.sana.sy\/tr\/index.php?rest_route=\/wp\/v2\/types\/post"}],"author":[{"embeddable":true,"href":"https:\/\/archive.sana.sy\/tr\/index.php?rest_route=\/wp\/v2\/users\/39"}],"replies":[{"embeddable":true,"href":"https:\/\/archive.sana.sy\/tr\/index.php?rest_route=%2Fwp%2Fv2%2Fcomments&post=302802"}],"version-history":[{"count":2,"href":"https:\/\/archive.sana.sy\/tr\/index.php?rest_route=\/wp\/v2\/posts\/302802\/revisions"}],"predecessor-version":[{"id":302835,"href":"https:\/\/archive.sana.sy\/tr\/index.php?rest_route=\/wp\/v2\/posts\/302802\/revisions\/302835"}],"wp:featuredmedia":[{"embeddable":true,"href":"https:\/\/archive.sana.sy\/tr\/index.php?rest_route=\/wp\/v2\/media\/302803"}],"wp:attachment":[{"href":"https:\/\/archive.sana.sy\/tr\/index.php?rest_route=%2Fwp%2Fv2%2Fmedia&parent=302802"}],"wp:term":[{"taxonomy":"category","embeddable":true,"href":"https:\/\/archive.sana.sy\/tr\/index.php?rest_route=%2Fwp%2Fv2%2Fcategories&post=302802"},{"taxonomy":"post_tag","embeddable":true,"href":"https:\/\/archive.sana.sy\/tr\/index.php?rest_route=%2Fwp%2Fv2%2Ftags&post=302802"}],"curies":[{"name":"wp","href":"https:\/\/api.w.org\/{rel}","templated":true}]}}