{"id":302805,"date":"2024-06-02T13:54:10","date_gmt":"2024-06-02T10:54:10","guid":{"rendered":"https:\/\/sana.sy\/tr\/?p=302805"},"modified":"2024-06-03T09:12:02","modified_gmt":"2024-06-03T06:12:02","slug":"israilin-guney-lubnandaki-bir-pazara-duzenledigi-hava-saldirisinda-bir-lubnanli-yaralandi","status":"publish","type":"post","link":"https:\/\/archive.sana.sy\/tr\/?p=302805","title":{"rendered":"\u0130srail&#8217;in G\u00fcney L\u00fcbnan&#8217;daki Bir Pazara D\u00fczenledi\u011fi Hava Sald\u0131rganl\u0131\u011f\u0131nda Bir L\u00fcbnanl\u0131 Yaraland\u0131"},"content":{"rendered":"<p style=\"text-align: justify;\"><strong>BEYRUT (SANA) \u2013 <\/strong>\u0130srail&#8217;in L\u00fcbnan&#8217;\u0131n g\u00fcneyindeki Bint Cbel kentindeki bir pazar yerine d\u00fczenledi\u011fi hava sald\u0131rganl\u0131\u011f\u0131 sonucu bir L\u00fcbnanl\u0131 vatanda\u015f\u0131 yaraland\u0131 ve \u00e7ok say\u0131da altyap\u0131 hasar g\u00f6rd\u00fc.<\/p>\n<p style=\"text-align: justify;\">L\u00fcbnanl\u0131 Ulusal Haber Ajans\u0131, i\u015fgalci \u0130srail&#8217;in eski Bint Cbel kentindeki pazar yerine d\u00fczenledi\u011fi hava sald\u0131r\u0131s\u0131 sonucu bir L\u00fcbnan vatanda\u015f\u0131n\u0131n yaraland\u0131\u011f\u0131n\u0131 ve a\u011f\u0131r maddi hasar meydana geldi\u011fini ifade etti.<\/p>\n<p style=\"text-align: justify;\">\u0130\u015fgalci \u0130srail, g\u00fcney L\u00fcbnan&#8217;\u0131n k\u00f6y ve kasabalar\u0131na y\u00f6nelik sald\u0131rganl\u0131klar\u0131n\u0131 yenileyerek, u\u00e7aklar\u0131n\u0131n, Hula kasabas\u0131na, Hamamir mahallesini hedef alan bir dizi hava sald\u0131r\u0131s\u0131 d\u00fczenledi.<\/p>\n<p style=\"text-align: justify;\">D\u00fc\u015fman top\u00e7usu, Taybeh b\u00f6lgesindeki El Avideh Tepesi&#8217;ne \u00e7ok say\u0131da top mermisinin d\u00fc\u015ft\u00fc\u011f\u00fc, Nakura, El Dhahira ve Yarbin kasabalar\u0131n\u0131n eteklerini bombalad\u0131.<\/p>\n<p style=\"text-align: center;\"><strong><a href=\"https:\/\/t.me\/SuriyeArapHaberAjansI\">Telegram Kanal\u0131m\u0131z\u00a0<\/a>||<a href=\"https:\/\/twitter.com\/arap_ajans\">X Platformumuz\u00a0<\/a>||<a href=\"https:\/\/www.facebook.com\/SANAHaberAjansi\/\">Facebook Sayfam\u0131z<\/a><\/strong><\/p>\n","protected":false},"excerpt":{"rendered":"<p>BEYRUT (SANA) \u2013 \u0130srail&#8217;in L\u00fcbnan&#8217;\u0131n g\u00fcneyindeki Bint Cbel kentindeki bir pazar yerine d\u00fczenledi\u011fi hava sald\u0131rganl\u0131\u011f\u0131 sonucu bir L\u00fcbnanl\u0131 vatanda\u015f\u0131 yaraland\u0131 ve \u00e7ok say\u0131da altyap\u0131 hasar g\u00f6rd\u00fc. L\u00fcbnanl\u0131 Ulusal Haber Ajans\u0131, i\u015fgalci \u0130srail&#8217;in eski Bint Cbel kentindeki pazar yerine d\u00fczenledi\u011fi hava sald\u0131r\u0131s\u0131 sonucu bir L\u00fcbnan vatanda\u015f\u0131n\u0131n yaraland\u0131\u011f\u0131n\u0131 ve a\u011f\u0131r maddi hasar meydana geldi\u011fini ifade etti. \u0130\u015fgalci &hellip;<\/p>\n","protected":false},"author":39,"featured_media":302806,"comment_status":"closed","ping_status":"closed","sticky":false,"template":"","format":"standard","meta":{"footnotes":""},"categories":[458,459,17988],"tags":[],"class_list":["post-302805","post","type-post","status-publish","format-standard","has-post-thumbnail","","category-dunya1","category-haberler-arap-uluslararasi-politika","category-son-haberler"],"_links":{"self":[{"href":"https:\/\/archive.sana.sy\/tr\/index.php?rest_route=\/wp\/v2\/posts\/302805","targetHints":{"allow":["GET"]}}],"collection":[{"href":"https:\/\/archive.sana.sy\/tr\/index.php?rest_route=\/wp\/v2\/posts"}],"about":[{"href":"https:\/\/archive.sana.sy\/tr\/index.php?rest_route=\/wp\/v2\/types\/post"}],"author":[{"embeddable":true,"href":"https:\/\/archive.sana.sy\/tr\/index.php?rest_route=\/wp\/v2\/users\/39"}],"replies":[{"embeddable":true,"href":"https:\/\/archive.sana.sy\/tr\/index.php?rest_route=%2Fwp%2Fv2%2Fcomments&post=302805"}],"version-history":[{"count":2,"href":"https:\/\/archive.sana.sy\/tr\/index.php?rest_route=\/wp\/v2\/posts\/302805\/revisions"}],"predecessor-version":[{"id":302831,"href":"https:\/\/archive.sana.sy\/tr\/index.php?rest_route=\/wp\/v2\/posts\/302805\/revisions\/302831"}],"wp:featuredmedia":[{"embeddable":true,"href":"https:\/\/archive.sana.sy\/tr\/index.php?rest_route=\/wp\/v2\/media\/302806"}],"wp:attachment":[{"href":"https:\/\/archive.sana.sy\/tr\/index.php?rest_route=%2Fwp%2Fv2%2Fmedia&parent=302805"}],"wp:term":[{"taxonomy":"category","embeddable":true,"href":"https:\/\/archive.sana.sy\/tr\/index.php?rest_route=%2Fwp%2Fv2%2Fcategories&post=302805"},{"taxonomy":"post_tag","embeddable":true,"href":"https:\/\/archive.sana.sy\/tr\/index.php?rest_route=%2Fwp%2Fv2%2Ftags&post=302805"}],"curies":[{"name":"wp","href":"https:\/\/api.w.org\/{rel}","templated":true}]}}