{"id":302836,"date":"2024-06-02T19:27:36","date_gmt":"2024-06-02T16:27:36","guid":{"rendered":"https:\/\/sana.sy\/tr\/?p=302836"},"modified":"2024-06-05T08:47:16","modified_gmt":"2024-06-05T05:47:16","slug":"kultur-bakani-halep-kalesi-ve-milli-kutuphanedeki-restorasyon-calismalarini-inceledi","status":"publish","type":"post","link":"https:\/\/archive.sana.sy\/tr\/?p=302836","title":{"rendered":"K\u00fclt\u00fcr Bakan\u0131 Halep Kalesi Ve Milli K\u00fct\u00fcphane&#8217;deki Restorasyon \u00c7al\u0131\u015fmalar\u0131n\u0131 \u0130nceledi"},"content":{"rendered":"<p style=\"text-align: justify;\"><strong>HALEP (SANA)<\/strong> &#8211; \u00a0K\u00fclt\u00fcr Bakan\u0131 Lubana M\u00fc\u015favvih, ge\u00e7ti\u011fimiz y\u0131l Suriye&#8217;de meydana gelen depremde hasar g\u00f6ren Halep Kalesi giri\u015finde tamamlanan restorasyon \u00e7al\u0131\u015fmalar\u0131 ile Milli K\u00fct\u00fcphane&#8217;de y\u00fcr\u00fct\u00fclen restorasyon \u00e7al\u0131\u015fmalar\u0131n\u0131 bug\u00fcn inceledi.<\/p>\n<p style=\"text-align: justify;\"><img loading=\"lazy\" decoding=\"async\" class=\"size-full wp-image-302838 alignright\" src=\"http:\/\/sana.sy\/tr\/wp-content\/uploads\/2024\/06\/photo_2024-06-02_14-49-38-2-300x200-1.jpg\" alt=\"\" width=\"300\" height=\"200\" \/>Mu\u015favvih, SANA muhabirine yapt\u0131\u011f\u0131 a\u00e7\u0131klamada, Halep&#8217;in her zaman k\u00fclt\u00fcr i\u00e7in bir yuva, yazarlar ve sanat\u00e7\u0131lar i\u00e7in bir kale, plastik, k\u00fclt\u00fcrel, entelekt\u00fcel ve mimari sanat i\u00e7in bir g\u00fczellik oldu\u011funu kaydetti.<\/p>\n<p style=\"text-align: justify;\">Bakan M\u00fc\u015f\u015favvih ayr\u0131ca, y\u00fcr\u00fct\u00fclen t\u00fcm rehabilitasyon ve restorasyon \u00e7al\u0131\u015fmalar\u0131n\u0131n ulusal akademisyen, arkeolog ve i\u015f\u00e7i kadrolar\u0131 taraf\u0131ndan y\u00fcr\u00fct\u00fcld\u00fc\u011f\u00fcn\u00fc, bu \u00e7al\u0131\u015fmalar\u0131n onlar\u0131n tecr\u00fcbelerini art\u0131rd\u0131\u011f\u0131n\u0131 belirtti.<\/p>\n<p style=\"text-align: justify;\">Halep Eski Eserler ve M\u00fczeler M\u00fcd\u00fcr\u00fc Sahir Ulabi ise Halep Kalesi&#8217;nin ana giri\u015findeki rehabilitasyon ve restorasyon \u00e7al\u0131\u015fmalar\u0131n\u0131n depremde hasar g\u00f6ren cephe, tavan ve kamu g\u00fcvenli\u011fi a\u00e7\u0131s\u0131ndan tehdit olu\u015fturan yerleri kapsad\u0131\u011f\u0131n\u0131 belirterek, restorasyonun ilk a\u015famas\u0131n\u0131n milli uzmanl\u0131kla tamamland\u0131\u011f\u0131n\u0131, kalenin ana giri\u015fini i\u00e7 kap\u0131ya ve salona ba\u011flayan s\u00fctunlar \u00fczerinde ta\u015f\u0131nan k\u00f6pr\u00fcn\u00fcn restorasyonu ve rehabilite edilmesi i\u00e7in yeni projelerin hayata ge\u00e7irilmesi i\u00e7in \u00e7al\u0131\u015fmalar\u0131n devam etti\u011fini kaydetti.<\/p>\n<p style=\"text-align: center;\"><strong><a href=\"https:\/\/t.me\/SuriyeArapHaberAjansI\">Telegram Kanal\u0131m\u0131z\u00a0<\/a>||<a href=\"https:\/\/twitter.com\/arap_ajans\">X Platformumuz\u00a0<\/a>||<a href=\"https:\/\/www.facebook.com\/SANAHaberAjansi\/\">Facebook Sayfam\u0131z<\/a><\/strong><\/p>\n<div id='gallery-1' class='gallery galleryid-302836 gallery-columns-4 gallery-size-thumbnail'><figure class='gallery-item'>\n\t\t\t<div class='gallery-icon landscape'>\n\t\t\t\t<a href='https:\/\/archive.sana.sy\/tr\/?attachment_id=302839'><img loading=\"lazy\" decoding=\"async\" width=\"150\" height=\"150\" src=\"https:\/\/archive.sana.sy\/tr\/wp-content\/uploads\/2024\/06\/1-3-150x150.jpg\" class=\"attachment-thumbnail size-thumbnail\" alt=\"\" \/><\/a>\n\t\t\t<\/div><\/figure><figure class='gallery-item'>\n\t\t\t<div class='gallery-icon landscape'>\n\t\t\t\t<a href='https:\/\/archive.sana.sy\/tr\/?attachment_id=302840'><img loading=\"lazy\" decoding=\"async\" width=\"150\" height=\"150\" src=\"https:\/\/archive.sana.sy\/tr\/wp-content\/uploads\/2024\/06\/22-150x150.jpg\" class=\"attachment-thumbnail size-thumbnail\" alt=\"\" \/><\/a>\n\t\t\t<\/div><\/figure><figure class='gallery-item'>\n\t\t\t<div class='gallery-icon landscape'>\n\t\t\t\t<a href='https:\/\/archive.sana.sy\/tr\/?attachment_id=302841'><img loading=\"lazy\" decoding=\"async\" width=\"150\" height=\"150\" src=\"https:\/\/archive.sana.sy\/tr\/wp-content\/uploads\/2024\/06\/4-1-150x150.jpg\" class=\"attachment-thumbnail size-thumbnail\" alt=\"\" \/><\/a>\n\t\t\t<\/div><\/figure><figure class='gallery-item'>\n\t\t\t<div class='gallery-icon landscape'>\n\t\t\t\t<a href='https:\/\/archive.sana.sy\/tr\/?attachment_id=302842'><img loading=\"lazy\" decoding=\"async\" width=\"150\" height=\"150\" src=\"https:\/\/archive.sana.sy\/tr\/wp-content\/uploads\/2024\/06\/3-2-150x150.jpg\" class=\"attachment-thumbnail size-thumbnail\" alt=\"\" \/><\/a>\n\t\t\t<\/div><\/figure>\n\t\t<\/div>\n\n","protected":false},"excerpt":{"rendered":"<p>HALEP (SANA) &#8211; \u00a0K\u00fclt\u00fcr Bakan\u0131 Lubana M\u00fc\u015favvih, ge\u00e7ti\u011fimiz y\u0131l Suriye&#8217;de meydana gelen depremde hasar g\u00f6ren Halep Kalesi giri\u015finde tamamlanan restorasyon \u00e7al\u0131\u015fmalar\u0131 ile Milli K\u00fct\u00fcphane&#8217;de y\u00fcr\u00fct\u00fclen restorasyon \u00e7al\u0131\u015fmalar\u0131n\u0131 bug\u00fcn inceledi. Mu\u015favvih, SANA muhabirine yapt\u0131\u011f\u0131 a\u00e7\u0131klamada, Halep&#8217;in her zaman k\u00fclt\u00fcr i\u00e7in bir yuva, yazarlar ve sanat\u00e7\u0131lar i\u00e7in bir kale, plastik, k\u00fclt\u00fcrel, entelekt\u00fcel ve mimari sanat i\u00e7in bir &hellip;<\/p>\n","protected":false},"author":41,"featured_media":302837,"comment_status":"closed","ping_status":"closed","sticky":false,"template":"","format":"standard","meta":{"footnotes":""},"categories":[479,516,511,17988,478],"tags":[41592],"class_list":["post-302836","post","type-post","status-publish","format-standard","has-post-thumbnail","","category-haberler-yerel","category-haberler-kultur-ve-sanat","category-kultur-ve-sanat","category-son-haberler","category-yerel","tag-kultur-bakani-halep-kalesi-ve-milli-kutuphanedeki-restorasyon-calismalarini-inceledi"],"_links":{"self":[{"href":"https:\/\/archive.sana.sy\/tr\/index.php?rest_route=\/wp\/v2\/posts\/302836","targetHints":{"allow":["GET"]}}],"collection":[{"href":"https:\/\/archive.sana.sy\/tr\/index.php?rest_route=\/wp\/v2\/posts"}],"about":[{"href":"https:\/\/archive.sana.sy\/tr\/index.php?rest_route=\/wp\/v2\/types\/post"}],"author":[{"embeddable":true,"href":"https:\/\/archive.sana.sy\/tr\/index.php?rest_route=\/wp\/v2\/users\/41"}],"replies":[{"embeddable":true,"href":"https:\/\/archive.sana.sy\/tr\/index.php?rest_route=%2Fwp%2Fv2%2Fcomments&post=302836"}],"version-history":[{"count":1,"href":"https:\/\/archive.sana.sy\/tr\/index.php?rest_route=\/wp\/v2\/posts\/302836\/revisions"}],"predecessor-version":[{"id":302843,"href":"https:\/\/archive.sana.sy\/tr\/index.php?rest_route=\/wp\/v2\/posts\/302836\/revisions\/302843"}],"wp:featuredmedia":[{"embeddable":true,"href":"https:\/\/archive.sana.sy\/tr\/index.php?rest_route=\/wp\/v2\/media\/302837"}],"wp:attachment":[{"href":"https:\/\/archive.sana.sy\/tr\/index.php?rest_route=%2Fwp%2Fv2%2Fmedia&parent=302836"}],"wp:term":[{"taxonomy":"category","embeddable":true,"href":"https:\/\/archive.sana.sy\/tr\/index.php?rest_route=%2Fwp%2Fv2%2Fcategories&post=302836"},{"taxonomy":"post_tag","embeddable":true,"href":"https:\/\/archive.sana.sy\/tr\/index.php?rest_route=%2Fwp%2Fv2%2Ftags&post=302836"}],"curies":[{"name":"wp","href":"https:\/\/api.w.org\/{rel}","templated":true}]}}