{"id":302868,"date":"2024-06-03T15:36:42","date_gmt":"2024-06-03T12:36:42","guid":{"rendered":"https:\/\/sana.sy\/tr\/?p=302868"},"modified":"2024-06-04T09:41:44","modified_gmt":"2024-06-04T06:41:44","slug":"suriye-belarustaki-uluslararasi-yardim-festivaline-cocukluk-buyusu-katiliyor","status":"publish","type":"post","link":"https:\/\/archive.sana.sy\/tr\/?p=302868","title":{"rendered":"Suriye, Belarus&#8217;taki Uluslararas\u0131 Yard\u0131m Festivali&#8217;ne Kat\u0131ld\u0131"},"content":{"rendered":"<p style=\"text-align: justify;\"><strong>M\u0130NSK (SANA)<\/strong> \u2013\u00a0 Belarus&#8217;taki Suriye B\u00fcy\u00fckel\u00e7ili\u011fi, Minsk Diplomasi Kul\u00fcb\u00fc taraf\u0131ndan Belarus&#8217;un ba\u015fkenti Minsk&#8217;teki D\u00fcnya \u00c7ocuk Koruma G\u00fcn\u00fc vesilesiyle Merkezi \u00c7ocuk Park\u0131&#8217;nda b\u00fcy\u00fckel\u00e7iler, diplomatlar ve yabanc\u0131 <img loading=\"lazy\" decoding=\"async\" class=\"size-full wp-image-302870 alignright\" src=\"http:\/\/sana.sy\/tr\/wp-content\/uploads\/2024\/06\/photo_2024-06-03_12-26-31-3-300x189-1.jpg\" alt=\"\" width=\"300\" height=\"189\" \/>temsilciler i\u00e7in d\u00fczenlenen &#8220;\u00c7ocuklu\u011fun B\u00fcy\u00fcs\u00fc&#8221; adl\u0131 uluslararas\u0131 yard\u0131m festivaline kat\u0131ld\u0131.<\/p>\n<p style=\"text-align: justify;\">Suriye pavyonunda, geliri Belarus&#8217;taki yetim ve engelli \u00e7ocuklara yard\u0131m i\u00e7in tahsis edilecek olan festivale e\u015flik eden yard\u0131m piyangosuna kat\u0131l\u0131m i\u00e7in hediyeler sunman\u0131n yan\u0131 s\u0131ra, Suriye yemekleri, \u00fcr\u00fcnleri, geleneksel ve el i\u015fi k\u0131yafetleri de yer ald\u0131.<\/p>\n<p style=\"text-align: justify;\">Festivalde yer alan Suriye pavyonu, Belarus medyas\u0131nda da yer al\u0131rken, \u00e7ok say\u0131da Belaruslu ve yabanc\u0131 vatanda\u015f taraf\u0131ndan ziyaret edilerek sergilere hayran kald\u0131.<\/p>\n<p style=\"text-align: justify;\">Suriye B\u00fcy\u00fckel\u00e7ili\u011fi, bu hay\u0131r etkinli\u011finin yan\u0131 s\u0131ra, Belarus D\u0131\u015fi\u015fleri Bakanl\u0131\u011f\u0131&#8217;n\u0131n D\u00fcnya \u00c7ocuk Koruma G\u00fcn\u00fc nedeniyle d\u00fczenledi\u011fi geleneksel yard\u0131m etkinli\u011fine de kat\u0131ld\u0131.<\/p>\n<div id='gallery-1' class='gallery galleryid-302868 gallery-columns-2 gallery-size-thumbnail'><figure class='gallery-item'>\n\t\t\t<div class='gallery-icon portrait'>\n\t\t\t\t<a href='https:\/\/archive.sana.sy\/tr\/?attachment_id=302871'><img loading=\"lazy\" decoding=\"async\" width=\"150\" height=\"150\" src=\"https:\/\/archive.sana.sy\/tr\/wp-content\/uploads\/2024\/06\/2-3-150x150.jpg\" class=\"attachment-thumbnail size-thumbnail\" alt=\"\" \/><\/a>\n\t\t\t<\/div><\/figure><figure class='gallery-item'>\n\t\t\t<div class='gallery-icon landscape'>\n\t\t\t\t<a href='https:\/\/archive.sana.sy\/tr\/?attachment_id=302872'><img loading=\"lazy\" decoding=\"async\" width=\"150\" height=\"150\" src=\"https:\/\/archive.sana.sy\/tr\/wp-content\/uploads\/2024\/06\/1-4-150x150.jpg\" class=\"attachment-thumbnail size-thumbnail\" alt=\"\" \/><\/a>\n\t\t\t<\/div><\/figure>\n\t\t<\/div>\n\n<p style=\"text-align: center;\"><strong><a href=\"https:\/\/t.me\/SuriyeArapHaberAjansI\">Telegram Kanal\u0131m\u0131z\u00a0<\/a>||<a href=\"https:\/\/twitter.com\/arap_ajans\">X Platformumuz\u00a0<\/a>||<a href=\"https:\/\/www.facebook.com\/SANAHaberAjansi\/\">Facebook Sayfam\u0131z<\/a><\/strong><\/p>\n","protected":false},"excerpt":{"rendered":"<p>M\u0130NSK (SANA) \u2013\u00a0 Belarus&#8217;taki Suriye B\u00fcy\u00fckel\u00e7ili\u011fi, Minsk Diplomasi Kul\u00fcb\u00fc taraf\u0131ndan Belarus&#8217;un ba\u015fkenti Minsk&#8217;teki D\u00fcnya \u00c7ocuk Koruma G\u00fcn\u00fc vesilesiyle Merkezi \u00c7ocuk Park\u0131&#8217;nda b\u00fcy\u00fckel\u00e7iler, diplomatlar ve yabanc\u0131 temsilciler i\u00e7in d\u00fczenlenen &#8220;\u00c7ocuklu\u011fun B\u00fcy\u00fcs\u00fc&#8221; adl\u0131 uluslararas\u0131 yard\u0131m festivaline kat\u0131ld\u0131. Suriye pavyonunda, geliri Belarus&#8217;taki yetim ve engelli \u00e7ocuklara yard\u0131m i\u00e7in tahsis edilecek olan festivale e\u015flik eden yard\u0131m piyangosuna kat\u0131l\u0131m i\u00e7in &hellip;<\/p>\n","protected":false},"author":41,"featured_media":302869,"comment_status":"closed","ping_status":"closed","sticky":false,"template":"","format":"standard","meta":{"footnotes":""},"categories":[458,459,17988],"tags":[41594,16591],"class_list":["post-302868","post","type-post","status-publish","format-standard","has-post-thumbnail","","category-dunya1","category-haberler-arap-uluslararasi-politika","category-son-haberler","tag-belarustaki-uluslararasi-yardim-festivaline-cocukluk-buyusu-katiliyor","tag-suriye"],"_links":{"self":[{"href":"https:\/\/archive.sana.sy\/tr\/index.php?rest_route=\/wp\/v2\/posts\/302868","targetHints":{"allow":["GET"]}}],"collection":[{"href":"https:\/\/archive.sana.sy\/tr\/index.php?rest_route=\/wp\/v2\/posts"}],"about":[{"href":"https:\/\/archive.sana.sy\/tr\/index.php?rest_route=\/wp\/v2\/types\/post"}],"author":[{"embeddable":true,"href":"https:\/\/archive.sana.sy\/tr\/index.php?rest_route=\/wp\/v2\/users\/41"}],"replies":[{"embeddable":true,"href":"https:\/\/archive.sana.sy\/tr\/index.php?rest_route=%2Fwp%2Fv2%2Fcomments&post=302868"}],"version-history":[{"count":2,"href":"https:\/\/archive.sana.sy\/tr\/index.php?rest_route=\/wp\/v2\/posts\/302868\/revisions"}],"predecessor-version":[{"id":302896,"href":"https:\/\/archive.sana.sy\/tr\/index.php?rest_route=\/wp\/v2\/posts\/302868\/revisions\/302896"}],"wp:featuredmedia":[{"embeddable":true,"href":"https:\/\/archive.sana.sy\/tr\/index.php?rest_route=\/wp\/v2\/media\/302869"}],"wp:attachment":[{"href":"https:\/\/archive.sana.sy\/tr\/index.php?rest_route=%2Fwp%2Fv2%2Fmedia&parent=302868"}],"wp:term":[{"taxonomy":"category","embeddable":true,"href":"https:\/\/archive.sana.sy\/tr\/index.php?rest_route=%2Fwp%2Fv2%2Fcategories&post=302868"},{"taxonomy":"post_tag","embeddable":true,"href":"https:\/\/archive.sana.sy\/tr\/index.php?rest_route=%2Fwp%2Fv2%2Ftags&post=302868"}],"curies":[{"name":"wp","href":"https:\/\/api.w.org\/{rel}","templated":true}]}}