{"id":302877,"date":"2024-06-03T16:28:05","date_gmt":"2024-06-03T13:28:05","guid":{"rendered":"https:\/\/sana.sy\/tr\/?p=302877"},"modified":"2024-06-04T13:30:31","modified_gmt":"2024-06-04T10:30:31","slug":"arnus-lubnan-enerji-ve-su-bakani-ile-su-guvenligi-konularinda-isbirliginin-gelistirilmesini-gorustu","status":"publish","type":"post","link":"https:\/\/archive.sana.sy\/tr\/?p=302877","title":{"rendered":"Arnus, L\u00fcbnan Enerji Ve Su Bakan\u0131 \u0130le Su G\u00fcvenli\u011fi Konular\u0131nda \u0130\u015fbirli\u011finin Geli\u015ftirilmesini G\u00f6r\u00fc\u015ft\u00fc"},"content":{"rendered":"<p style=\"text-align: justify;\"><strong>\u015eAM (SANA)<\/strong> &#8211; Bug\u00fcn Ba\u015fbakan H\u00fcseyin Arnus, L\u00fcbnan ge\u00e7ici h\u00fck\u00fcmetinin Enerji ve Su Bakan\u0131 \u00a0Velid Fayyad ile <img loading=\"lazy\" decoding=\"async\" class=\"size-full wp-image-302879 alignright\" src=\"http:\/\/sana.sy\/tr\/wp-content\/uploads\/2024\/06\/photo_2024-06-03_15-58-49-2-copy-300x178-1.jpg\" alt=\"\" width=\"300\" height=\"178\" \/>iklim de\u011fi\u015fikli\u011fi ve bunun ba\u015fta tar\u0131m olmak \u00fczere \u00e7e\u015fitli ekonomik sekt\u00f6rler \u00fczerindeki olumsuz etkileri \u0131\u015f\u0131\u011f\u0131nda su ve su g\u00fcvenli\u011fi konular\u0131nda ikili i\u015fbirli\u011fini geli\u015ftirmenin yollar\u0131n\u0131 masaya yat\u0131rd\u0131.<\/p>\n<p style=\"text-align: justify;\">Arnus, Arap \u00e7abalar\u0131n\u0131 birle\u015ftirmenin, i\u00e7me suyu ve sulama sekt\u00f6rlerindeki zorluklarla y\u00fczle\u015fmek i\u00e7in ortak Arap eylemini g\u00fc\u00e7lendirmenin ve Arap \u00fclkelerinin ortak \u00e7\u0131karlar\u0131n\u0131 sa\u011flayacak \u015fekilde uzmanl\u0131k ve deneyim al\u0131\u015fveri\u015finin \u00f6nemini vurgulad\u0131.<\/p>\n<p style=\"text-align: justify;\">G\u00f6r\u00fc\u015fmede, Asi ve G\u00fcney Kabir Nehri anla\u015fmalar\u0131n\u0131n uygulanmas\u0131 ba\u015fta olmak \u00fczere imzalanan anla\u015fmalar \u00e7er\u00e7evesinde Suriye ile L\u00fcbnan aras\u0131nda ortak i\u015fbirli\u011finin s\u00fcrd\u00fcr\u00fclmesi ve \u00e7abalar\u0131n birle\u015ftirilmesi ve ortak havzalar\u0131n \u00e7evresinin korunmas\u0131 ele al\u0131nd\u0131.<\/p>\n<p style=\"text-align: center;\"><strong><a href=\"https:\/\/t.me\/SuriyeArapHaberAjansI\">Telegram Kanal\u0131m\u0131z\u00a0<\/a>||<a href=\"https:\/\/twitter.com\/arap_ajans\">X Platformumuz\u00a0<\/a>||<a href=\"https:\/\/www.facebook.com\/SANAHaberAjansi\/\">Facebook Sayfam\u0131z<\/a><\/strong><\/p>\n","protected":false},"excerpt":{"rendered":"<p>\u015eAM (SANA) &#8211; Bug\u00fcn Ba\u015fbakan H\u00fcseyin Arnus, L\u00fcbnan ge\u00e7ici h\u00fck\u00fcmetinin Enerji ve Su Bakan\u0131 \u00a0Velid Fayyad ile iklim de\u011fi\u015fikli\u011fi ve bunun ba\u015fta tar\u0131m olmak \u00fczere \u00e7e\u015fitli ekonomik sekt\u00f6rler \u00fczerindeki olumsuz etkileri \u0131\u015f\u0131\u011f\u0131nda su ve su g\u00fcvenli\u011fi konular\u0131nda ikili i\u015fbirli\u011fini geli\u015ftirmenin yollar\u0131n\u0131 masaya yat\u0131rd\u0131. Arnus, Arap \u00e7abalar\u0131n\u0131 birle\u015ftirmenin, i\u00e7me suyu ve sulama sekt\u00f6rlerindeki zorluklarla y\u00fczle\u015fmek i\u00e7in &hellip;<\/p>\n","protected":false},"author":41,"featured_media":302878,"comment_status":"closed","ping_status":"closed","sticky":false,"template":"","format":"standard","meta":{"footnotes":""},"categories":[479,17988,478],"tags":[38678,41604,41597],"class_list":["post-302877","post","type-post","status-publish","format-standard","has-post-thumbnail","","category-haberler-yerel","category-son-haberler","category-yerel","tag-arnus","tag-guney-kabir-nehri","tag-lubnan-enerji-ve-su-bakani-ile-su-guvenligi-konularinda-isbirliginin-gelistirilmesini-gorustu"],"_links":{"self":[{"href":"https:\/\/archive.sana.sy\/tr\/index.php?rest_route=\/wp\/v2\/posts\/302877","targetHints":{"allow":["GET"]}}],"collection":[{"href":"https:\/\/archive.sana.sy\/tr\/index.php?rest_route=\/wp\/v2\/posts"}],"about":[{"href":"https:\/\/archive.sana.sy\/tr\/index.php?rest_route=\/wp\/v2\/types\/post"}],"author":[{"embeddable":true,"href":"https:\/\/archive.sana.sy\/tr\/index.php?rest_route=\/wp\/v2\/users\/41"}],"replies":[{"embeddable":true,"href":"https:\/\/archive.sana.sy\/tr\/index.php?rest_route=%2Fwp%2Fv2%2Fcomments&post=302877"}],"version-history":[{"count":2,"href":"https:\/\/archive.sana.sy\/tr\/index.php?rest_route=\/wp\/v2\/posts\/302877\/revisions"}],"predecessor-version":[{"id":302892,"href":"https:\/\/archive.sana.sy\/tr\/index.php?rest_route=\/wp\/v2\/posts\/302877\/revisions\/302892"}],"wp:featuredmedia":[{"embeddable":true,"href":"https:\/\/archive.sana.sy\/tr\/index.php?rest_route=\/wp\/v2\/media\/302878"}],"wp:attachment":[{"href":"https:\/\/archive.sana.sy\/tr\/index.php?rest_route=%2Fwp%2Fv2%2Fmedia&parent=302877"}],"wp:term":[{"taxonomy":"category","embeddable":true,"href":"https:\/\/archive.sana.sy\/tr\/index.php?rest_route=%2Fwp%2Fv2%2Fcategories&post=302877"},{"taxonomy":"post_tag","embeddable":true,"href":"https:\/\/archive.sana.sy\/tr\/index.php?rest_route=%2Fwp%2Fv2%2Ftags&post=302877"}],"curies":[{"name":"wp","href":"https:\/\/api.w.org\/{rel}","templated":true}]}}