{"id":302881,"date":"2024-06-03T17:16:54","date_gmt":"2024-06-03T14:16:54","guid":{"rendered":"https:\/\/sana.sy\/tr\/?p=302881"},"modified":"2024-06-05T08:47:19","modified_gmt":"2024-06-05T05:47:19","slug":"arnous-halep-piskoposlugu-ve-cevresinin-ermeni-ortodoks-piskoposuyla-gorustu","status":"publish","type":"post","link":"https:\/\/archive.sana.sy\/tr\/?p=302881","title":{"rendered":"Arnus, Halep Piskoposlu\u011fu Ve \u00c7evresinin Ermeni Ortodoks Piskoposuyla G\u00f6r\u00fc\u015ft\u00fc"},"content":{"rendered":"<p style=\"text-align: justify;\"><strong>\u015eAM (SANA) &#8211;<\/strong>\u00a0 Ba\u015fbakan M\u00fchendis H\u00fcseyin Arnus bug\u00fcn Halep Piskoposlu\u011fu ve ba\u011fl\u0131 b\u00f6lgelerinin Ermeni Ortodoks Piskoposu Piskopos Makar A\u015fkaryan ve beraberindeki heyetle bir araya geldi.<\/p>\n<p style=\"text-align: justify;\"><img loading=\"lazy\" decoding=\"async\" class=\"size-full wp-image-302883 alignright\" src=\"http:\/\/sana.sy\/tr\/wp-content\/uploads\/2024\/06\/photo_2024-06-03_16-48-28-copy-300x205-1.jpg\" alt=\"\" width=\"300\" height=\"205\" srcset=\"https:\/\/archive.sana.sy\/tr\/wp-content\/uploads\/2024\/06\/photo_2024-06-03_16-48-28-copy-300x205-1.jpg 300w, https:\/\/archive.sana.sy\/tr\/wp-content\/uploads\/2024\/06\/photo_2024-06-03_16-48-28-copy-300x205-1-110x75.jpg 110w\" sizes=\"auto, (max-width: 300px) 100vw, 300px\" \/>G\u00f6r\u00fc\u015fmede, Suriye toplumunun t\u00fcm bile\u015fenlerini t\u00fcm dini aidiyetleriyle bir araya getiren, sabit Arap, \u0130slam ve H\u0131ristiyan boyutlar\u0131yla ulusal kimli\u011fe zenginlik ve zenginlik kayna\u011f\u0131 olu\u015fturan ulusal kimli\u011fe vurgu yap\u0131ld\u0131.<\/p>\n<p style=\"text-align: justify;\">Ba\u015fbakan Arnus, bir arada ya\u015faman\u0131n ve toplumsal dayan\u0131\u015fman\u0131n en g\u00fczel g\u00f6r\u00fcnt\u00fclerini yans\u0131tan bir\u00e7ok dini, sivil ve toplumsal faaliyetle ger\u00e7ekle\u015ftirilen insani giri\u015fimlerin \u00f6nemini vurgulayarak, \u015fu anda ekonomik, toplumsal ve siyasi faaliyetlerin kat\u0131ld\u0131\u011f\u0131 \u00e7e\u015fitli d\u00fczeylerde y\u00fcr\u00fct\u00fclen diyaloglar\u0131n, \u00fclke ve halk i\u00e7in daha iyi bir gelecek \u00e7izilmesine ve in\u015fa edilmesine katk\u0131 sa\u011flamas\u0131 a\u00e7\u0131s\u0131ndan \u00f6nemine i\u015faret etti.<\/p>\n<p style=\"text-align: justify;\">Piskopos A\u015fkaryan ve beraberindeki heyet ise Suriye&#8217;nin t\u00fcm zorluklar\u0131n \u00fcstesinden gelebilece\u011fine, halk\u0131n ve liderli\u011fin birli\u011fi sayesinde zafere ula\u015fabilece\u011fine ve her alanda iyile\u015fme ve refah s\u00fcrecini ba\u015flatabilece\u011fine olan g\u00fcvenlerini dile getirdi.<\/p>\n<p style=\"text-align: center;\"><strong><a href=\"https:\/\/t.me\/SuriyeArapHaberAjansI\">Telegram Kanal\u0131m\u0131z\u00a0<\/a>||<a href=\"https:\/\/twitter.com\/arap_ajans\">X Platformumuz\u00a0<\/a>||<a href=\"https:\/\/www.facebook.com\/SANAHaberAjansi\/\">Facebook Sayfam\u0131z<\/a><\/strong><\/p>\n","protected":false},"excerpt":{"rendered":"<p>\u015eAM (SANA) &#8211;\u00a0 Ba\u015fbakan M\u00fchendis H\u00fcseyin Arnus bug\u00fcn Halep Piskoposlu\u011fu ve ba\u011fl\u0131 b\u00f6lgelerinin Ermeni Ortodoks Piskoposu Piskopos Makar A\u015fkaryan ve beraberindeki heyetle bir araya geldi. G\u00f6r\u00fc\u015fmede, Suriye toplumunun t\u00fcm bile\u015fenlerini t\u00fcm dini aidiyetleriyle bir araya getiren, sabit Arap, \u0130slam ve H\u0131ristiyan boyutlar\u0131yla ulusal kimli\u011fe zenginlik ve zenginlik kayna\u011f\u0131 olu\u015fturan ulusal kimli\u011fe vurgu yap\u0131ld\u0131. Ba\u015fbakan Arnus, &hellip;<\/p>\n","protected":false},"author":41,"featured_media":302882,"comment_status":"closed","ping_status":"closed","sticky":false,"template":"","format":"standard","meta":{"footnotes":""},"categories":[458,459,17988],"tags":[41598,41599],"class_list":["post-302881","post","type-post","status-publish","format-standard","has-post-thumbnail","","category-dunya1","category-haberler-arap-uluslararasi-politika","category-son-haberler","tag-arnous","tag-halep-piskoposlugu-ve-cevresinin-ermeni-ortodoks-piskoposuyla-gorustu"],"_links":{"self":[{"href":"https:\/\/archive.sana.sy\/tr\/index.php?rest_route=\/wp\/v2\/posts\/302881","targetHints":{"allow":["GET"]}}],"collection":[{"href":"https:\/\/archive.sana.sy\/tr\/index.php?rest_route=\/wp\/v2\/posts"}],"about":[{"href":"https:\/\/archive.sana.sy\/tr\/index.php?rest_route=\/wp\/v2\/types\/post"}],"author":[{"embeddable":true,"href":"https:\/\/archive.sana.sy\/tr\/index.php?rest_route=\/wp\/v2\/users\/41"}],"replies":[{"embeddable":true,"href":"https:\/\/archive.sana.sy\/tr\/index.php?rest_route=%2Fwp%2Fv2%2Fcomments&post=302881"}],"version-history":[{"count":2,"href":"https:\/\/archive.sana.sy\/tr\/index.php?rest_route=\/wp\/v2\/posts\/302881\/revisions"}],"predecessor-version":[{"id":302888,"href":"https:\/\/archive.sana.sy\/tr\/index.php?rest_route=\/wp\/v2\/posts\/302881\/revisions\/302888"}],"wp:featuredmedia":[{"embeddable":true,"href":"https:\/\/archive.sana.sy\/tr\/index.php?rest_route=\/wp\/v2\/media\/302882"}],"wp:attachment":[{"href":"https:\/\/archive.sana.sy\/tr\/index.php?rest_route=%2Fwp%2Fv2%2Fmedia&parent=302881"}],"wp:term":[{"taxonomy":"category","embeddable":true,"href":"https:\/\/archive.sana.sy\/tr\/index.php?rest_route=%2Fwp%2Fv2%2Fcategories&post=302881"},{"taxonomy":"post_tag","embeddable":true,"href":"https:\/\/archive.sana.sy\/tr\/index.php?rest_route=%2Fwp%2Fv2%2Ftags&post=302881"}],"curies":[{"name":"wp","href":"https:\/\/api.w.org\/{rel}","templated":true}]}}