{"id":302885,"date":"2024-06-03T19:15:15","date_gmt":"2024-06-03T16:15:15","guid":{"rendered":"https:\/\/sana.sy\/tr\/?p=302885"},"modified":"2024-06-05T08:47:22","modified_gmt":"2024-06-05T05:47:22","slug":"sabbag-unrwanin-yakin-dogudan-sorumlu-genel-komiser-yardimcisi-nathalie-buckle-ile-bir-araya-geldi","status":"publish","type":"post","link":"https:\/\/archive.sana.sy\/tr\/?p=302885","title":{"rendered":"Sabba\u011f, UNRWA&#8217;n\u0131n Yak\u0131n Do\u011fu&#8217;dan Sorumlu Genel Komiser Yard\u0131mc\u0131s\u0131 Nathalie Buckle \u0130le Bir Araya Geldi"},"content":{"rendered":"<p style=\"text-align: justify;\"><strong>\u015eAM (SANA)<\/strong> &#8211; D\u0131\u015fi\u015fleri ve Gurbet\u00e7iler Bakan Yard\u0131mc\u0131s\u0131 Bessam Sabba\u011f, Birle\u015fmi\u015f Milletler Filistinli M\u00fcltecilere Yard\u0131m ve Bay\u0131nd\u0131rl\u0131k Ajans\u0131&#8217;n\u0131n (UNRWA) Filistin halk\u0131n\u0131n davas\u0131n\u0131 ve me\u015fru haklar\u0131n\u0131 desteklemede oynad\u0131\u011f\u0131 rol\u00fcn devam\u0131 i\u00e7in finansman sa\u011flanmas\u0131n\u0131n \u00f6nemini vurgulayarak, Ajans\u0131n Suriye&#8217;de y\u00fcr\u00fctt\u00fc\u011f\u00fc \u00f6nemli \u00e7al\u0131\u015fmalardan dolay\u0131 takdirini ifade etti.<\/p>\n<p style=\"text-align: justify;\">Sabba\u011f, UNRWA&#8217;n\u0131n Yak\u0131n Do\u011fu&#8217;daki Genel Komiser Yard\u0131mc\u0131s\u0131 Nathalie Buckle ile bug\u00fcn bakanl\u0131k binas\u0131nda yapt\u0131\u011f\u0131 g\u00f6r\u00fc\u015fmede, \u0130srail i\u015fgal taraf\u0131 ve ABD&#8217;nin UNRWA&#8217;ya kar\u015f\u0131 y\u00fcr\u00fctt\u00fc\u011f\u00fc d\u00fc\u015fmanca kampanyalar\u0131n ba\u015far\u0131s\u0131zl\u0131\u011f\u0131na dikkat \u00e7ekerek, Ba\u011f\u0131ms\u0131z \u0130nceleme Komitesi&#8217;nin ajans\u0131n \u00e7al\u0131\u015fmalar\u0131na ili\u015fkin raporunun, UNRWA&#8217;n\u0131n tarafs\u0131zl\u0131\u011f\u0131n\u0131 ve d\u00fcr\u00fcstl\u00fc\u011f\u00fcn\u00fc kesin olarak ortaya koydu\u011funa ve Filistin halk\u0131n\u0131n haklar\u0131n\u0131 desteklemedeki vazge\u00e7ilmez rol\u00fcn\u00fc kabul etti\u011fine i\u015faret etti.<\/p>\n<p style=\"text-align: justify;\">D\u0131\u015fi\u015fleri ve Gurbet\u00e7iler Bakan Yard\u0131mc\u0131s\u0131 ayr\u0131ca, baz\u0131 \u00fclkelerin ajans i\u00e7in sa\u011flad\u0131\u011f\u0131 finansman\u0131n, \u0130srail i\u015fgali ve UNRWA&#8217;ya kar\u015f\u0131 k\u0131\u015fk\u0131rtma kampanyas\u0131 iddialar\u0131 nedeniyle ajans\u0131 ask\u0131ya almas\u0131n\u0131n ard\u0131ndan yeniden ba\u015flamas\u0131ndan duydu\u011fu memnuniyeti dile getirerek, Ajans\u0131n \u00e7al\u0131\u015fmalar\u0131n\u0131 s\u00fcrd\u00fcrmesi i\u00e7in gerekli finansman\u0131n sa\u011flanmas\u0131n\u0131n \u00f6nemini vurgulad\u0131.<\/p>\n<p style=\"text-align: justify;\">Genel Komiser Yard\u0131mc\u0131s\u0131 ise, Suriye&#8217;nin UNRWA&#8217;ya sa\u011flad\u0131\u011f\u0131 kolayl\u0131klar i\u00e7in te\u015fekk\u00fcr ve takdirlerini ifade ederek, Ajans\u0131n Suriye&#8217;deki Filistinli m\u00fcltecilere yard\u0131m etme \u00e7abalar\u0131n\u0131 ve ciddi finansman eksikli\u011fi nedeniyle kar\u015f\u0131 kar\u015f\u0131ya oldu\u011fu mali krize \u00e7\u00f6z\u00fcm bulmaya y\u00f6nelik devam eden \u00e7abalar\u0131n\u0131 anlatt\u0131.<\/p>\n<p style=\"text-align: center;\"><strong><a href=\"https:\/\/t.me\/SuriyeArapHaberAjansI\">Telegram Kanal\u0131m\u0131z\u00a0<\/a>||<a href=\"https:\/\/twitter.com\/arap_ajans\">X Platformumuz\u00a0<\/a>||<a href=\"https:\/\/www.facebook.com\/SANAHaberAjansi\/\">Facebook Sayfam\u0131z<\/a><\/strong><\/p>\n","protected":false},"excerpt":{"rendered":"<p>\u015eAM (SANA) &#8211; D\u0131\u015fi\u015fleri ve Gurbet\u00e7iler Bakan Yard\u0131mc\u0131s\u0131 Bessam Sabba\u011f, Birle\u015fmi\u015f Milletler Filistinli M\u00fcltecilere Yard\u0131m ve Bay\u0131nd\u0131rl\u0131k Ajans\u0131&#8217;n\u0131n (UNRWA) Filistin halk\u0131n\u0131n davas\u0131n\u0131 ve me\u015fru haklar\u0131n\u0131 desteklemede oynad\u0131\u011f\u0131 rol\u00fcn devam\u0131 i\u00e7in finansman sa\u011flanmas\u0131n\u0131n \u00f6nemini vurgulayarak, Ajans\u0131n Suriye&#8217;de y\u00fcr\u00fctt\u00fc\u011f\u00fc \u00f6nemli \u00e7al\u0131\u015fmalardan dolay\u0131 takdirini ifade etti. Sabba\u011f, UNRWA&#8217;n\u0131n Yak\u0131n Do\u011fu&#8217;daki Genel Komiser Yard\u0131mc\u0131s\u0131 Nathalie Buckle ile bug\u00fcn bakanl\u0131k &hellip;<\/p>\n","protected":false},"author":41,"featured_media":302886,"comment_status":"closed","ping_status":"closed","sticky":false,"template":"","format":"standard","meta":{"footnotes":""},"categories":[458,459,17988],"tags":[41601,37660,41600],"class_list":["post-302885","post","type-post","status-publish","format-standard","has-post-thumbnail","","category-dunya1","category-haberler-arap-uluslararasi-politika","category-son-haberler","tag-birlesmis-milletler-filistinli-multecilere-yardim-ve-bayindirlik-ajansinin-unrwa","tag-sabbag","tag-unrwanin-yakin-dogudan-sorumlu-genel-komiser-yardimcisi-nathalie-buckle-ile-bir-araya-geldi"],"_links":{"self":[{"href":"https:\/\/archive.sana.sy\/tr\/index.php?rest_route=\/wp\/v2\/posts\/302885","targetHints":{"allow":["GET"]}}],"collection":[{"href":"https:\/\/archive.sana.sy\/tr\/index.php?rest_route=\/wp\/v2\/posts"}],"about":[{"href":"https:\/\/archive.sana.sy\/tr\/index.php?rest_route=\/wp\/v2\/types\/post"}],"author":[{"embeddable":true,"href":"https:\/\/archive.sana.sy\/tr\/index.php?rest_route=\/wp\/v2\/users\/41"}],"replies":[{"embeddable":true,"href":"https:\/\/archive.sana.sy\/tr\/index.php?rest_route=%2Fwp%2Fv2%2Fcomments&post=302885"}],"version-history":[{"count":1,"href":"https:\/\/archive.sana.sy\/tr\/index.php?rest_route=\/wp\/v2\/posts\/302885\/revisions"}],"predecessor-version":[{"id":302887,"href":"https:\/\/archive.sana.sy\/tr\/index.php?rest_route=\/wp\/v2\/posts\/302885\/revisions\/302887"}],"wp:featuredmedia":[{"embeddable":true,"href":"https:\/\/archive.sana.sy\/tr\/index.php?rest_route=\/wp\/v2\/media\/302886"}],"wp:attachment":[{"href":"https:\/\/archive.sana.sy\/tr\/index.php?rest_route=%2Fwp%2Fv2%2Fmedia&parent=302885"}],"wp:term":[{"taxonomy":"category","embeddable":true,"href":"https:\/\/archive.sana.sy\/tr\/index.php?rest_route=%2Fwp%2Fv2%2Fcategories&post=302885"},{"taxonomy":"post_tag","embeddable":true,"href":"https:\/\/archive.sana.sy\/tr\/index.php?rest_route=%2Fwp%2Fv2%2Ftags&post=302885"}],"curies":[{"name":"wp","href":"https:\/\/api.w.org\/{rel}","templated":true}]}}