{"id":302893,"date":"2024-06-03T19:36:35","date_gmt":"2024-06-03T16:36:35","guid":{"rendered":"https:\/\/sana.sy\/tr\/?p=302893"},"modified":"2024-06-05T08:47:27","modified_gmt":"2024-06-05T05:47:27","slug":"macaristan-disisleri-bakani-avrupa-birligi-barisin-sesini-susturmaya-calisiyor","status":"publish","type":"post","link":"https:\/\/archive.sana.sy\/tr\/?p=302893","title":{"rendered":"Macaristan D\u0131\u015fi\u015fleri Bakan\u0131: Avrupa Birli\u011fi Bar\u0131\u015f\u0131n Sesini Susturmaya \u00c7al\u0131\u015f\u0131yor"},"content":{"rendered":"<p style=\"text-align: justify;\"><strong>BUDAPE\u015eTE (SANA)<\/strong> &#8211; \u00a0Macaristan D\u0131\u015fi\u015fleri Bakan\u0131 Peter Szijj\u00e1rt\u00f3, Avrupa Birli\u011fi&#8217;nin bar\u0131\u015f\u0131n sesini susturmaya \u00e7al\u0131\u015ft\u0131\u011f\u0131n\u0131 vurgulad\u0131.<\/p>\n<p style=\"text-align: justify;\">RIA Novosti, Szijjarto&#8217;nun \u015fu s\u00f6zlerini aktard\u0131: &#8220;Bel\u00e7ika D\u0131\u015fi\u015fleri Bakan\u0131, bar\u0131\u015f i\u00e7in \u00e7abalayan Macaristan&#8217;\u0131 susturmak istiyor, bar\u0131\u015f\u0131n sesini susturmak istiyor ve bizi Br\u00fcksel&#8217;deki karar alma s\u00fcrecinin d\u0131\u015f\u0131nda b\u0131rakmaya \u00e7al\u0131\u015f\u0131yor.&#8221;<\/p>\n<p style=\"text-align: justify;\">Szijjarto ayr\u0131ca \u015funlar\u0131 ekledi: &#8220;Macarlar \u015fu anda Avrupa&#8217;da h\u00fck\u00fcm s\u00fcren askeri \u00e7\u0131lg\u0131nl\u0131\u011f\u0131n t\u00fcr\u00fcn\u00fc anlayam\u0131yorlar ve \u00dc\u00e7\u00fcnc\u00fc D\u00fcnya Sava\u015f\u0131 tehlikesinin yakla\u015ft\u0131\u011f\u0131n\u0131 s\u00f6ylememizi istemiyorlar.&#8221;<\/p>\n<p style=\"text-align: center;\"><strong><a href=\"https:\/\/t.me\/SuriyeArapHaberAjansI\">Telegram Kanal\u0131m\u0131z\u00a0<\/a>||<a href=\"https:\/\/twitter.com\/arap_ajans\">X Platformumuz\u00a0<\/a>||<a href=\"https:\/\/www.facebook.com\/SANAHaberAjansi\/\">Facebook Sayfam\u0131z<\/a><\/strong><\/p>\n","protected":false},"excerpt":{"rendered":"<p>BUDAPE\u015eTE (SANA) &#8211; \u00a0Macaristan D\u0131\u015fi\u015fleri Bakan\u0131 Peter Szijj\u00e1rt\u00f3, Avrupa Birli\u011fi&#8217;nin bar\u0131\u015f\u0131n sesini susturmaya \u00e7al\u0131\u015ft\u0131\u011f\u0131n\u0131 vurgulad\u0131. RIA Novosti, Szijjarto&#8217;nun \u015fu s\u00f6zlerini aktard\u0131: &#8220;Bel\u00e7ika D\u0131\u015fi\u015fleri Bakan\u0131, bar\u0131\u015f i\u00e7in \u00e7abalayan Macaristan&#8217;\u0131 susturmak istiyor, bar\u0131\u015f\u0131n sesini susturmak istiyor ve bizi Br\u00fcksel&#8217;deki karar alma s\u00fcrecinin d\u0131\u015f\u0131nda b\u0131rakmaya \u00e7al\u0131\u015f\u0131yor.&#8221; Szijjarto ayr\u0131ca \u015funlar\u0131 ekledi: &#8220;Macarlar \u015fu anda Avrupa&#8217;da h\u00fck\u00fcm s\u00fcren askeri \u00e7\u0131lg\u0131nl\u0131\u011f\u0131n &hellip;<\/p>\n","protected":false},"author":41,"featured_media":302894,"comment_status":"closed","ping_status":"closed","sticky":false,"template":"","format":"standard","meta":{"footnotes":""},"categories":[458,459,17988],"tags":[41605],"class_list":["post-302893","post","type-post","status-publish","format-standard","has-post-thumbnail","","category-dunya1","category-haberler-arap-uluslararasi-politika","category-son-haberler","tag-macaristan-disisleri-bakani-avrupa-birligi-barisin-sesini-susturmaya-calisiyor"],"_links":{"self":[{"href":"https:\/\/archive.sana.sy\/tr\/index.php?rest_route=\/wp\/v2\/posts\/302893","targetHints":{"allow":["GET"]}}],"collection":[{"href":"https:\/\/archive.sana.sy\/tr\/index.php?rest_route=\/wp\/v2\/posts"}],"about":[{"href":"https:\/\/archive.sana.sy\/tr\/index.php?rest_route=\/wp\/v2\/types\/post"}],"author":[{"embeddable":true,"href":"https:\/\/archive.sana.sy\/tr\/index.php?rest_route=\/wp\/v2\/users\/41"}],"replies":[{"embeddable":true,"href":"https:\/\/archive.sana.sy\/tr\/index.php?rest_route=%2Fwp%2Fv2%2Fcomments&post=302893"}],"version-history":[{"count":1,"href":"https:\/\/archive.sana.sy\/tr\/index.php?rest_route=\/wp\/v2\/posts\/302893\/revisions"}],"predecessor-version":[{"id":302895,"href":"https:\/\/archive.sana.sy\/tr\/index.php?rest_route=\/wp\/v2\/posts\/302893\/revisions\/302895"}],"wp:featuredmedia":[{"embeddable":true,"href":"https:\/\/archive.sana.sy\/tr\/index.php?rest_route=\/wp\/v2\/media\/302894"}],"wp:attachment":[{"href":"https:\/\/archive.sana.sy\/tr\/index.php?rest_route=%2Fwp%2Fv2%2Fmedia&parent=302893"}],"wp:term":[{"taxonomy":"category","embeddable":true,"href":"https:\/\/archive.sana.sy\/tr\/index.php?rest_route=%2Fwp%2Fv2%2Fcategories&post=302893"},{"taxonomy":"post_tag","embeddable":true,"href":"https:\/\/archive.sana.sy\/tr\/index.php?rest_route=%2Fwp%2Fv2%2Ftags&post=302893"}],"curies":[{"name":"wp","href":"https:\/\/api.w.org\/{rel}","templated":true}]}}