{"id":302912,"date":"2024-06-04T11:56:44","date_gmt":"2024-06-04T08:56:44","guid":{"rendered":"https:\/\/sana.sy\/tr\/?p=302912"},"modified":"2024-06-05T08:47:43","modified_gmt":"2024-06-05T05:47:43","slug":"sana-muhabiri-az-sonra-disisleri-ve-gurbetciler-bakani-faysal-mikdad-ve-mevkidasi-iran-disisleri-bakan-vekili-ali-bagkeri-keni-tarafindan-bir-basin-toplantisi-duzenlenecek","status":"publish","type":"post","link":"https:\/\/archive.sana.sy\/tr\/?p=302912","title":{"rendered":"T\u00fcrkiye&#8217;nin Merkezinde Askeri E\u011fitim U\u00e7a\u011f\u0131n\u0131n D\u00fc\u015fmesi Sonucu \u0130ki Pilot Hayat\u0131n\u0131 Kaybetti"},"content":{"rendered":"<p style=\"text-align: justify;\"><strong>ANKARA (SANA) \u2013<\/strong> T\u00fcrkiye&#8217;nin merkezi Kayseri ilinde askeri e\u011fitim u\u00e7a\u011f\u0131n\u0131n d\u00fc\u015fmesi sonucu iki T\u00fcrk pilot hayat\u0131n\u0131 kaybetti.<\/p>\n<p style=\"text-align: justify;\">REUTERS&#8217;in aktard\u0131\u011f\u0131na g\u00f6re, T\u00fcrkiye Savunma Bakanl\u0131\u011f\u0131, SF-260D e\u011fitim u\u00e7a\u011f\u0131n\u0131n, i\u00e7inde iki askeri pilot bulunan, Kayseri&#8217;deki hava \u00fcss\u00fcnden havaland\u0131 ve hen\u00fcz belirlenemeyen nedenlerle e\u011fitim s\u00fcrecinde d\u00fc\u015ft\u00fc&#8221; dedi.<\/p>\n<p style=\"text-align: justify;\">T\u00fcrk makamlar\u0131 kazan\u0131n nedenleri ve ko\u015fullar\u0131 hakk\u0131nda soru\u015fturma ba\u015flatt\u0131.<\/p>\n<p style=\"text-align: center;\"><strong><a href=\"https:\/\/t.me\/SuriyeArapHaberAjansI\">Telegram Kanal\u0131m\u0131z\u00a0<\/a>||<a href=\"https:\/\/twitter.com\/arap_ajans\">X Platformumuz\u00a0<\/a>||<a href=\"https:\/\/www.facebook.com\/SANAHaberAjansi\/\">Facebook Sayfam\u0131z<\/a><\/strong><\/p>\n","protected":false},"excerpt":{"rendered":"<p>ANKARA (SANA) \u2013 T\u00fcrkiye&#8217;nin merkezi Kayseri ilinde askeri e\u011fitim u\u00e7a\u011f\u0131n\u0131n d\u00fc\u015fmesi sonucu iki T\u00fcrk pilot hayat\u0131n\u0131 kaybetti. REUTERS&#8217;in aktard\u0131\u011f\u0131na g\u00f6re, T\u00fcrkiye Savunma Bakanl\u0131\u011f\u0131, SF-260D e\u011fitim u\u00e7a\u011f\u0131n\u0131n, i\u00e7inde iki askeri pilot bulunan, Kayseri&#8217;deki hava \u00fcss\u00fcnden havaland\u0131 ve hen\u00fcz belirlenemeyen nedenlerle e\u011fitim s\u00fcrecinde d\u00fc\u015ft\u00fc&#8221; dedi. T\u00fcrk makamlar\u0131 kazan\u0131n nedenleri ve ko\u015fullar\u0131 hakk\u0131nda soru\u015fturma ba\u015flatt\u0131. Telegram Kanal\u0131m\u0131z\u00a0||X Platformumuz\u00a0||Facebook &hellip;<\/p>\n","protected":false},"author":39,"featured_media":302917,"comment_status":"closed","ping_status":"closed","sticky":false,"template":"","format":"standard","meta":{"footnotes":""},"categories":[458,459,17988],"tags":[41606],"class_list":["post-302912","post","type-post","status-publish","format-standard","has-post-thumbnail","","category-dunya1","category-haberler-arap-uluslararasi-politika","category-son-haberler","tag-turkiyenin-merkezinde-askeri-egitim-ucaginin-dusmesi-sonucu-iki-pilot-hayatini-kaybetti"],"_links":{"self":[{"href":"https:\/\/archive.sana.sy\/tr\/index.php?rest_route=\/wp\/v2\/posts\/302912","targetHints":{"allow":["GET"]}}],"collection":[{"href":"https:\/\/archive.sana.sy\/tr\/index.php?rest_route=\/wp\/v2\/posts"}],"about":[{"href":"https:\/\/archive.sana.sy\/tr\/index.php?rest_route=\/wp\/v2\/types\/post"}],"author":[{"embeddable":true,"href":"https:\/\/archive.sana.sy\/tr\/index.php?rest_route=\/wp\/v2\/users\/39"}],"replies":[{"embeddable":true,"href":"https:\/\/archive.sana.sy\/tr\/index.php?rest_route=%2Fwp%2Fv2%2Fcomments&post=302912"}],"version-history":[{"count":6,"href":"https:\/\/archive.sana.sy\/tr\/index.php?rest_route=\/wp\/v2\/posts\/302912\/revisions"}],"predecessor-version":[{"id":302937,"href":"https:\/\/archive.sana.sy\/tr\/index.php?rest_route=\/wp\/v2\/posts\/302912\/revisions\/302937"}],"wp:featuredmedia":[{"embeddable":true,"href":"https:\/\/archive.sana.sy\/tr\/index.php?rest_route=\/wp\/v2\/media\/302917"}],"wp:attachment":[{"href":"https:\/\/archive.sana.sy\/tr\/index.php?rest_route=%2Fwp%2Fv2%2Fmedia&parent=302912"}],"wp:term":[{"taxonomy":"category","embeddable":true,"href":"https:\/\/archive.sana.sy\/tr\/index.php?rest_route=%2Fwp%2Fv2%2Fcategories&post=302912"},{"taxonomy":"post_tag","embeddable":true,"href":"https:\/\/archive.sana.sy\/tr\/index.php?rest_route=%2Fwp%2Fv2%2Ftags&post=302912"}],"curies":[{"name":"wp","href":"https:\/\/api.w.org\/{rel}","templated":true}]}}