{"id":302974,"date":"2024-06-04T10:00:28","date_gmt":"2024-06-04T07:00:28","guid":{"rendered":"https:\/\/sana.sy\/tr\/?p=302974"},"modified":"2024-06-05T08:47:33","modified_gmt":"2024-06-05T05:47:33","slug":"302974","status":"publish","type":"post","link":"https:\/\/archive.sana.sy\/tr\/?p=302974","title":{"rendered":"Lavrov: Bat\u0131, Rusya \u00dczerindeki Bask\u0131y\u0131 S\u00fcrd\u00fcrmek \u0130\u00e7in Kiev&#8217;deki Nazi Rejimine Tutunuyor"},"content":{"rendered":"<p style=\"text-align: justify;\"><strong>MOKOVA (SANA)<\/strong> &#8211; \u00a0Rusya D\u0131\u015fi\u015fleri Bakan\u0131 Sergey Lavrov, Bat\u0131l\u0131 \u00fclkelerin Rusya \u00fczerindeki bask\u0131y\u0131 s\u00fcrd\u00fcrmek i\u00e7in Nazi destekli Kiev rejimine ba\u011fl\u0131 kald\u0131klar\u0131n\u0131 vurgulad\u0131.<\/p>\n<p style=\"text-align: justify;\">Lavrov, bug\u00fcn TASS&#8217;\u0131n haberine g\u00f6re d\u00fczenledi\u011fi bas\u0131n toplant\u0131s\u0131nda \u015funlar\u0131 s\u00f6yledi: \u00a0&#8220;Bat\u0131, Nazi Ukrayna&#8217;s\u0131n\u0131n Rusya&#8217;ya ve onun y\u00fczy\u0131llard\u0131r Rus halk\u0131n\u0131n ya\u015fad\u0131\u011f\u0131 topraklardaki varl\u0131\u011f\u0131na kar\u015f\u0131 kal\u0131c\u0131 bir tehdit olmas\u0131n\u0131 istiyor.&#8221;<\/p>\n<p style=\"text-align: justify;\">Lavrov ayr\u0131ca &#8220;Kiev yetkililerinin eylemlerini g\u00f6rmezden gelen ve Nazi teorisi ve prati\u011fini uygulamaya y\u00f6nelik bu a\u00e7\u0131k eylemler de dahil olmak \u00fczere her \u015feyi affeden Bat\u0131&#8217;n\u0131n Kiev rejimiyle ikiy\u00fczl\u00fcl\u00fc\u011f\u00fc ve gizli anla\u015fmas\u0131 var&#8221; ifadelerini kulland\u0131.<\/p>\n<p style=\"text-align: center;\"><strong><a href=\"https:\/\/t.me\/SuriyeArapHaberAjansI\">Telegram Kanal\u0131m\u0131z\u00a0<\/a>||<a href=\"https:\/\/twitter.com\/arap_ajans\">X Platformumuz\u00a0<\/a>||<a href=\"https:\/\/www.facebook.com\/SANAHaberAjansi\/\">Facebook Sayfam\u0131z<\/a><\/strong><\/p>\n","protected":false},"excerpt":{"rendered":"<p>MOKOVA (SANA) &#8211; \u00a0Rusya D\u0131\u015fi\u015fleri Bakan\u0131 Sergey Lavrov, Bat\u0131l\u0131 \u00fclkelerin Rusya \u00fczerindeki bask\u0131y\u0131 s\u00fcrd\u00fcrmek i\u00e7in Nazi destekli Kiev rejimine ba\u011fl\u0131 kald\u0131klar\u0131n\u0131 vurgulad\u0131. Lavrov, bug\u00fcn TASS&#8217;\u0131n haberine g\u00f6re d\u00fczenledi\u011fi bas\u0131n toplant\u0131s\u0131nda \u015funlar\u0131 s\u00f6yledi: \u00a0&#8220;Bat\u0131, Nazi Ukrayna&#8217;s\u0131n\u0131n Rusya&#8217;ya ve onun y\u00fczy\u0131llard\u0131r Rus halk\u0131n\u0131n ya\u015fad\u0131\u011f\u0131 topraklardaki varl\u0131\u011f\u0131na kar\u015f\u0131 kal\u0131c\u0131 bir tehdit olmas\u0131n\u0131 istiyor.&#8221; Lavrov ayr\u0131ca &#8220;Kiev yetkililerinin eylemlerini &hellip;<\/p>\n","protected":false},"author":41,"featured_media":302975,"comment_status":"closed","ping_status":"closed","sticky":false,"template":"","format":"standard","meta":{"footnotes":""},"categories":[458,459,17988],"tags":[],"class_list":["post-302974","post","type-post","status-publish","format-standard","has-post-thumbnail","","category-dunya1","category-haberler-arap-uluslararasi-politika","category-son-haberler"],"_links":{"self":[{"href":"https:\/\/archive.sana.sy\/tr\/index.php?rest_route=\/wp\/v2\/posts\/302974","targetHints":{"allow":["GET"]}}],"collection":[{"href":"https:\/\/archive.sana.sy\/tr\/index.php?rest_route=\/wp\/v2\/posts"}],"about":[{"href":"https:\/\/archive.sana.sy\/tr\/index.php?rest_route=\/wp\/v2\/types\/post"}],"author":[{"embeddable":true,"href":"https:\/\/archive.sana.sy\/tr\/index.php?rest_route=\/wp\/v2\/users\/41"}],"replies":[{"embeddable":true,"href":"https:\/\/archive.sana.sy\/tr\/index.php?rest_route=%2Fwp%2Fv2%2Fcomments&post=302974"}],"version-history":[{"count":2,"href":"https:\/\/archive.sana.sy\/tr\/index.php?rest_route=\/wp\/v2\/posts\/302974\/revisions"}],"predecessor-version":[{"id":302977,"href":"https:\/\/archive.sana.sy\/tr\/index.php?rest_route=\/wp\/v2\/posts\/302974\/revisions\/302977"}],"wp:featuredmedia":[{"embeddable":true,"href":"https:\/\/archive.sana.sy\/tr\/index.php?rest_route=\/wp\/v2\/media\/302975"}],"wp:attachment":[{"href":"https:\/\/archive.sana.sy\/tr\/index.php?rest_route=%2Fwp%2Fv2%2Fmedia&parent=302974"}],"wp:term":[{"taxonomy":"category","embeddable":true,"href":"https:\/\/archive.sana.sy\/tr\/index.php?rest_route=%2Fwp%2Fv2%2Fcategories&post=302974"},{"taxonomy":"post_tag","embeddable":true,"href":"https:\/\/archive.sana.sy\/tr\/index.php?rest_route=%2Fwp%2Fv2%2Ftags&post=302974"}],"curies":[{"name":"wp","href":"https:\/\/api.w.org\/{rel}","templated":true}]}}