{"id":303026,"date":"2024-06-05T15:05:59","date_gmt":"2024-06-05T12:05:59","guid":{"rendered":"https:\/\/sana.sy\/tr\/?p=303026"},"modified":"2024-06-07T11:10:42","modified_gmt":"2024-06-07T08:10:42","slug":"cumhurbaskani-esad-el-sudani-ile-yaptigi-telefon-gorusmesinde-ikili-iliskiler-ile-bir-dizi-arap-ve-uluslararasi-meseleyi-gorustu","status":"publish","type":"post","link":"https:\/\/archive.sana.sy\/tr\/?p=303026","title":{"rendered":"Cumhurba\u015fkan\u0131 Esad, El Sudani \u0130le Yapt\u0131\u011f\u0131 Telefon G\u00f6r\u00fc\u015fmesinde \u0130kili \u0130li\u015fkiler \u0130le Bir Dizi Arap Ve Uluslararas\u0131 Meseleyi G\u00f6r\u00fc\u015ft\u00fc"},"content":{"rendered":"<p style=\"text-align: justify;\"><strong>\u015eAM (SANA)<\/strong> &#8211; Cumhurba\u015fkan\u0131 Be\u015f\u015far Esad, Irak Ba\u015fbakan\u0131 Muhammed \u015eeyya \u00a0El Sudani ile yapt\u0131\u011f\u0131 telefon g\u00f6r\u00fc\u015fmesinde ikili ili\u015fkiler ile bir dizi Arap ve uluslararas\u0131 meseleyi g\u00f6r\u00fc\u015ft\u00fc.<\/p>\n<p style=\"text-align: justify;\">G\u00f6r\u00fc\u015fmede, s\u0131n\u0131r g\u00fcvenli\u011finin kevvetlendirilmesi ve g\u00fc\u00e7lendirilmesine y\u00f6nelik \u00e7al\u0131\u015fmalar ile ter\u00f6rle m\u00fccadelede iki \u00fclke ve t\u00fcm b\u00f6lge halklar\u0131n\u0131n \u00e7\u0131kar\u0131na i\u015f birli\u011fi de dahil olmak \u00fczere ortak dosyalar yer ald\u0131.<\/p>\n<p style=\"text-align: justify;\">G\u00f6r\u00fc\u015fmede ayr\u0131ca, iki \u00fclke aras\u0131ndaki t\u00fcm alanlarda, \u00f6zellikle ekonomik alanlardaki i\u015fbirli\u011fini, iki karde\u015f \u00fclkenin halklar\u0131na fayda sa\u011flayacak \u015fekilde geli\u015ftirmenin yollar\u0131 masaya yat\u0131r\u0131ld\u0131.<\/p>\n<p style=\"text-align: justify;\">Cumhurba\u015fkan\u0131 Esad Irak Ba\u015fbakan\u0131 ile ger\u00e7ekle\u015ftirdi\u011fi g\u00f6r\u00fc\u015fmede,\u00a0 \u0130srail&#8217;in Filistin halk\u0131na y\u00f6nelik devam eden sald\u0131rganl\u0131\u011f\u0131 ve \u0130srail varl\u0131\u011f\u0131n\u0131n su\u00e7lar\u0131n\u0131 durdurmaya y\u00f6nelik ortak \u00e7abalar da tart\u0131\u015f\u0131ld\u0131.<\/p>\n<p style=\"text-align: center;\"><strong><a href=\"https:\/\/t.me\/SuriyeArapHaberAjansI\">Telegram Kanal\u0131m\u0131z<span style=\"color: #ff0000;\">\u00a0<\/span><\/a><span style=\"color: #ff0000;\">||<\/span><a href=\"https:\/\/twitter.com\/arap_ajans\">X Platformumuz\u00a0<\/a><span style=\"color: #ff0000;\">||<\/span><a href=\"https:\/\/www.facebook.com\/SANAHaberAjansi\/\">Facebook Sayfam\u0131z<\/a><\/strong><\/p>\n","protected":false},"excerpt":{"rendered":"<p>\u015eAM (SANA) &#8211; Cumhurba\u015fkan\u0131 Be\u015f\u015far Esad, Irak Ba\u015fbakan\u0131 Muhammed \u015eeyya \u00a0El Sudani ile yapt\u0131\u011f\u0131 telefon g\u00f6r\u00fc\u015fmesinde ikili ili\u015fkiler ile bir dizi Arap ve uluslararas\u0131 meseleyi g\u00f6r\u00fc\u015ft\u00fc. G\u00f6r\u00fc\u015fmede, s\u0131n\u0131r g\u00fcvenli\u011finin kevvetlendirilmesi ve g\u00fc\u00e7lendirilmesine y\u00f6nelik \u00e7al\u0131\u015fmalar ile ter\u00f6rle m\u00fccadelede iki \u00fclke ve t\u00fcm b\u00f6lge halklar\u0131n\u0131n \u00e7\u0131kar\u0131na i\u015f birli\u011fi de dahil olmak \u00fczere ortak dosyalar yer ald\u0131. G\u00f6r\u00fc\u015fmede &hellip;<\/p>\n","protected":false},"author":41,"featured_media":303028,"comment_status":"closed","ping_status":"closed","sticky":false,"template":"","format":"standard","meta":{"footnotes":""},"categories":[606,605,17988],"tags":[],"class_list":["post-303026","post","type-post","status-publish","format-standard","has-post-thumbnail","","category-cumhurbaskani","category-sayin-cumhurbaskani","category-son-haberler"],"_links":{"self":[{"href":"https:\/\/archive.sana.sy\/tr\/index.php?rest_route=\/wp\/v2\/posts\/303026","targetHints":{"allow":["GET"]}}],"collection":[{"href":"https:\/\/archive.sana.sy\/tr\/index.php?rest_route=\/wp\/v2\/posts"}],"about":[{"href":"https:\/\/archive.sana.sy\/tr\/index.php?rest_route=\/wp\/v2\/types\/post"}],"author":[{"embeddable":true,"href":"https:\/\/archive.sana.sy\/tr\/index.php?rest_route=\/wp\/v2\/users\/41"}],"replies":[{"embeddable":true,"href":"https:\/\/archive.sana.sy\/tr\/index.php?rest_route=%2Fwp%2Fv2%2Fcomments&post=303026"}],"version-history":[{"count":7,"href":"https:\/\/archive.sana.sy\/tr\/index.php?rest_route=\/wp\/v2\/posts\/303026\/revisions"}],"predecessor-version":[{"id":303034,"href":"https:\/\/archive.sana.sy\/tr\/index.php?rest_route=\/wp\/v2\/posts\/303026\/revisions\/303034"}],"wp:featuredmedia":[{"embeddable":true,"href":"https:\/\/archive.sana.sy\/tr\/index.php?rest_route=\/wp\/v2\/media\/303028"}],"wp:attachment":[{"href":"https:\/\/archive.sana.sy\/tr\/index.php?rest_route=%2Fwp%2Fv2%2Fmedia&parent=303026"}],"wp:term":[{"taxonomy":"category","embeddable":true,"href":"https:\/\/archive.sana.sy\/tr\/index.php?rest_route=%2Fwp%2Fv2%2Fcategories&post=303026"},{"taxonomy":"post_tag","embeddable":true,"href":"https:\/\/archive.sana.sy\/tr\/index.php?rest_route=%2Fwp%2Fv2%2Ftags&post=303026"}],"curies":[{"name":"wp","href":"https:\/\/api.w.org\/{rel}","templated":true}]}}