{"id":303077,"date":"2024-06-06T13:09:46","date_gmt":"2024-06-06T10:09:46","guid":{"rendered":"https:\/\/sana.sy\/tr\/?p=303077"},"modified":"2024-06-08T09:42:53","modified_gmt":"2024-06-08T06:42:53","slug":"suriye-toplumu-ve-bulgar-halkindan-depremzedelere-yardim-malzemeleri-tartus-limanina-ulasti","status":"publish","type":"post","link":"https:\/\/archive.sana.sy\/tr\/?p=303077","title":{"rendered":"Suriye Toplumu ve Bulgar Halk\u0131ndan Depremzedelere Yard\u0131m Malzemeleri Tartus Liman\u0131na Ula\u015ft\u0131"},"content":{"rendered":"<p style=\"text-align: justify;\"><strong>TARTUS\u00a0 (SANA) \u2013 <\/strong>Ge\u00e7en y\u0131l Suriye&#8217;de meydana gelen depremden etkilenenlere destek amac\u0131yla Bulgar halk\u0131 ve Bulgaristan&#8217;daki Suriyeli topluluktan gurbet\u00e7ilerin sa\u011flad\u0131\u011f\u0131 20 ton giysiyi ta\u015f\u0131yan insani yard\u0131m gemisi bug\u00fcn Tartus liman\u0131na geldi.<\/p>\n<p style=\"text-align: justify;\"><img loading=\"lazy\" decoding=\"async\" class=\"size-full wp-image-303082 alignright\" src=\"http:\/\/sana.sy\/tr\/wp-content\/uploads\/2024\/06\/4-2.jpg\" alt=\"\" width=\"300\" height=\"200\" \/>Valilik \u0130cra Dairesi Ba\u015fkan Yard\u0131mc\u0131s\u0131 Hakim Hassan Naus, gazetecilere yapt\u0131\u011f\u0131 a\u00e7\u0131klamada, yard\u0131m\u0131n Suriye toplumundan ve Bulgaristan halk\u0131ndan gurbet\u00e7iler taraf\u0131ndan haz\u0131rlan\u0131p donat\u0131ld\u0131\u011f\u0131n\u0131, bunun ilk kez olmad\u0131\u011f\u0131n\u0131, daha \u00f6nce de Suriye toplumu ve Bulgar halk\u0131ndan yard\u0131m \u00f6demeleri yap\u0131ld\u0131\u011f\u0131n\u0131 belirtti.<\/p>\n<p style=\"text-align: justify;\">Naus, Tartus liman\u0131nda g\u00f6rev yapan personelin valili\u011fin yard\u0131m alt komitesi arac\u0131l\u0131\u011f\u0131yla ihtiya\u00e7 sahiplerine ula\u015ft\u0131r\u0131lmak \u00fczere bu yard\u0131mlar\u0131 bo\u015falt\u0131p haz\u0131rlayaca\u011f\u0131n\u0131 belirtti.<\/p>\n<p style=\"text-align: justify;\">Kaptan Velid Yasin, geminin yolculu\u011funun kalk\u0131\u015f\u0131ndan Tartous liman\u0131na var\u0131\u015f\u0131na kadar d\u00f6rt bu\u00e7uk g\u00fcn s\u00fcrd\u00fc\u011f\u00fcn\u00fc, y\u00f6netimin teslim alma prosed\u00fcrlerini kolayla\u015ft\u0131rmak i\u00e7in gerekli kolayl\u0131klar\u0131 ve i\u015fbirli\u011fini sa\u011flad\u0131\u011f\u0131n\u0131 s\u00f6yledi.<\/p>\n<p style=\"text-align: center;\"><strong><a href=\"https:\/\/t.me\/SuriyeArapHaberAjansI\">Telegram Kanal\u0131m\u0131z\u00a0<\/a>||<a href=\"https:\/\/twitter.com\/arap_ajans\">X Platformumuz\u00a0<\/a>||<a href=\"https:\/\/www.facebook.com\/SANAHaberAjansi\/\">Facebook Sayfam\u0131z<\/a><\/strong><\/p>\n<div id='gallery-1' class='gallery galleryid-303077 gallery-columns-2 gallery-size-full'><figure class='gallery-item'>\n\t\t\t<div class='gallery-icon landscape'>\n\t\t\t\t<a href='https:\/\/archive.sana.sy\/tr\/wp-content\/uploads\/2024\/06\/photo_2024-06-06_12-06-02.jpg'><img loading=\"lazy\" decoding=\"async\" width=\"660\" height=\"439\" src=\"https:\/\/archive.sana.sy\/tr\/wp-content\/uploads\/2024\/06\/photo_2024-06-06_12-06-02.jpg\" class=\"attachment-full size-full\" alt=\"\" srcset=\"https:\/\/archive.sana.sy\/tr\/wp-content\/uploads\/2024\/06\/photo_2024-06-06_12-06-02.jpg 660w, https:\/\/archive.sana.sy\/tr\/wp-content\/uploads\/2024\/06\/photo_2024-06-06_12-06-02-300x200.jpg 300w, https:\/\/archive.sana.sy\/tr\/wp-content\/uploads\/2024\/06\/photo_2024-06-06_12-06-02-310x205.jpg 310w\" sizes=\"auto, (max-width: 660px) 100vw, 660px\" \/><\/a>\n\t\t\t<\/div><\/figure><figure class='gallery-item'>\n\t\t\t<div class='gallery-icon landscape'>\n\t\t\t\t<a href='https:\/\/archive.sana.sy\/tr\/wp-content\/uploads\/2024\/06\/photo_2024-06-06_12-06-05.jpg'><img loading=\"lazy\" decoding=\"async\" width=\"660\" height=\"438\" src=\"https:\/\/archive.sana.sy\/tr\/wp-content\/uploads\/2024\/06\/photo_2024-06-06_12-06-05.jpg\" class=\"attachment-full size-full\" alt=\"\" srcset=\"https:\/\/archive.sana.sy\/tr\/wp-content\/uploads\/2024\/06\/photo_2024-06-06_12-06-05.jpg 660w, https:\/\/archive.sana.sy\/tr\/wp-content\/uploads\/2024\/06\/photo_2024-06-06_12-06-05-300x199.jpg 300w, https:\/\/archive.sana.sy\/tr\/wp-content\/uploads\/2024\/06\/photo_2024-06-06_12-06-05-310x205.jpg 310w\" sizes=\"auto, (max-width: 660px) 100vw, 660px\" \/><\/a>\n\t\t\t<\/div><\/figure><figure class='gallery-item'>\n\t\t\t<div class='gallery-icon landscape'>\n\t\t\t\t<a href='https:\/\/archive.sana.sy\/tr\/wp-content\/uploads\/2024\/06\/photo_2024-06-06_12-06-07.jpg'><img loading=\"lazy\" decoding=\"async\" width=\"660\" height=\"439\" src=\"https:\/\/archive.sana.sy\/tr\/wp-content\/uploads\/2024\/06\/photo_2024-06-06_12-06-07.jpg\" class=\"attachment-full size-full\" alt=\"\" srcset=\"https:\/\/archive.sana.sy\/tr\/wp-content\/uploads\/2024\/06\/photo_2024-06-06_12-06-07.jpg 660w, https:\/\/archive.sana.sy\/tr\/wp-content\/uploads\/2024\/06\/photo_2024-06-06_12-06-07-300x200.jpg 300w, https:\/\/archive.sana.sy\/tr\/wp-content\/uploads\/2024\/06\/photo_2024-06-06_12-06-07-310x205.jpg 310w\" sizes=\"auto, (max-width: 660px) 100vw, 660px\" \/><\/a>\n\t\t\t<\/div><\/figure><figure class='gallery-item'>\n\t\t\t<div class='gallery-icon landscape'>\n\t\t\t\t<a href='https:\/\/archive.sana.sy\/tr\/wp-content\/uploads\/2024\/06\/photo_2024-06-06_12-06-15.jpg'><img loading=\"lazy\" decoding=\"async\" width=\"660\" height=\"439\" src=\"https:\/\/archive.sana.sy\/tr\/wp-content\/uploads\/2024\/06\/photo_2024-06-06_12-06-15.jpg\" class=\"attachment-full size-full\" alt=\"\" srcset=\"https:\/\/archive.sana.sy\/tr\/wp-content\/uploads\/2024\/06\/photo_2024-06-06_12-06-15.jpg 660w, https:\/\/archive.sana.sy\/tr\/wp-content\/uploads\/2024\/06\/photo_2024-06-06_12-06-15-300x200.jpg 300w, https:\/\/archive.sana.sy\/tr\/wp-content\/uploads\/2024\/06\/photo_2024-06-06_12-06-15-310x205.jpg 310w\" sizes=\"auto, (max-width: 660px) 100vw, 660px\" \/><\/a>\n\t\t\t<\/div><\/figure>\n\t\t<\/div>\n\n","protected":false},"excerpt":{"rendered":"<p>TARTUS\u00a0 (SANA) \u2013 Ge\u00e7en y\u0131l Suriye&#8217;de meydana gelen depremden etkilenenlere destek amac\u0131yla Bulgar halk\u0131 ve Bulgaristan&#8217;daki Suriyeli topluluktan gurbet\u00e7ilerin sa\u011flad\u0131\u011f\u0131 20 ton giysiyi ta\u015f\u0131yan insani yard\u0131m gemisi bug\u00fcn Tartus liman\u0131na geldi. Valilik \u0130cra Dairesi Ba\u015fkan Yard\u0131mc\u0131s\u0131 Hakim Hassan Naus, gazetecilere yapt\u0131\u011f\u0131 a\u00e7\u0131klamada, yard\u0131m\u0131n Suriye toplumundan ve Bulgaristan halk\u0131ndan gurbet\u00e7iler taraf\u0131ndan haz\u0131rlan\u0131p donat\u0131ld\u0131\u011f\u0131n\u0131, bunun ilk kez &hellip;<\/p>\n","protected":false},"author":36,"featured_media":303114,"comment_status":"closed","ping_status":"closed","sticky":false,"template":"","format":"standard","meta":{"footnotes":""},"categories":[596,479,17988,478],"tags":[39093],"class_list":["post-303077","post","type-post","status-publish","format-standard","has-post-thumbnail","","category-fotografli-raporlar","category-haberler-yerel","category-son-haberler","category-yerel","tag-6-subat-depremi"],"_links":{"self":[{"href":"https:\/\/archive.sana.sy\/tr\/index.php?rest_route=\/wp\/v2\/posts\/303077","targetHints":{"allow":["GET"]}}],"collection":[{"href":"https:\/\/archive.sana.sy\/tr\/index.php?rest_route=\/wp\/v2\/posts"}],"about":[{"href":"https:\/\/archive.sana.sy\/tr\/index.php?rest_route=\/wp\/v2\/types\/post"}],"author":[{"embeddable":true,"href":"https:\/\/archive.sana.sy\/tr\/index.php?rest_route=\/wp\/v2\/users\/36"}],"replies":[{"embeddable":true,"href":"https:\/\/archive.sana.sy\/tr\/index.php?rest_route=%2Fwp%2Fv2%2Fcomments&post=303077"}],"version-history":[{"count":2,"href":"https:\/\/archive.sana.sy\/tr\/index.php?rest_route=\/wp\/v2\/posts\/303077\/revisions"}],"predecessor-version":[{"id":303090,"href":"https:\/\/archive.sana.sy\/tr\/index.php?rest_route=\/wp\/v2\/posts\/303077\/revisions\/303090"}],"wp:featuredmedia":[{"embeddable":true,"href":"https:\/\/archive.sana.sy\/tr\/index.php?rest_route=\/wp\/v2\/media\/303114"}],"wp:attachment":[{"href":"https:\/\/archive.sana.sy\/tr\/index.php?rest_route=%2Fwp%2Fv2%2Fmedia&parent=303077"}],"wp:term":[{"taxonomy":"category","embeddable":true,"href":"https:\/\/archive.sana.sy\/tr\/index.php?rest_route=%2Fwp%2Fv2%2Fcategories&post=303077"},{"taxonomy":"post_tag","embeddable":true,"href":"https:\/\/archive.sana.sy\/tr\/index.php?rest_route=%2Fwp%2Fv2%2Ftags&post=303077"}],"curies":[{"name":"wp","href":"https:\/\/api.w.org\/{rel}","templated":true}]}}