{"id":303098,"date":"2024-06-06T17:05:06","date_gmt":"2024-06-06T14:05:06","guid":{"rendered":"https:\/\/sana.sy\/tr\/?p=303098"},"modified":"2024-06-08T09:43:01","modified_gmt":"2024-06-08T06:43:01","slug":"kibristaki-suriye-buyukelciligi-terore-ragmen-suriye-medeniyetlerin-besigi-olarak-kalacak-baslikli-bir-etkinlik-duzenledi","status":"publish","type":"post","link":"https:\/\/archive.sana.sy\/tr\/?p=303098","title":{"rendered":"K\u0131br\u0131s&#8217;taki Suriye B\u00fcy\u00fckel\u00e7ili\u011fi, &#8220;Ter\u00f6re Ra\u011fmen&#8230;Suriye Medeniyetlerin Be\u015fi\u011fi Olarak Kalacak&#8221; Ba\u015fl\u0131kl\u0131 Bir Etkinlik D\u00fczenledi"},"content":{"rendered":"<p style=\"text-align: justify;\"><strong>LEFKO\u015eA (SANA)<\/strong> &#8211; \u00a0K\u0131br\u0131s&#8217;taki Suriye B\u00fcy\u00fckel\u00e7ili\u011fi, Lefko\u015fa&#8217;daki K\u00fclt\u00fcr Merkezi&#8217;nde &#8220;Ter\u00f6rizme Ra\u011fmen&#8230;Suriye Medeniyetlerin Be\u015fi\u011fi Olarak Kalacak&#8221; ba\u015fl\u0131kl\u0131 bir resepsiyon ve Suriye&#8217;ye ili\u015fkin foto\u011fraf sergisinden olu\u015fan k\u00fclt\u00fcrel bir etkinlik d\u00fczenledi.<\/p>\n<p style=\"text-align: justify;\"><img loading=\"lazy\" decoding=\"async\" class=\"size-full wp-image-303100 alignright\" src=\"http:\/\/sana.sy\/tr\/wp-content\/uploads\/2024\/06\/photo_2024-06-06_16-03-45-300x200-1.jpg\" alt=\"\" width=\"300\" height=\"200\" \/>Etkinlikte, uluslararas\u0131 festivallerde 20&#8217;den fazla \u00f6d\u00fcl kazanan ve ilk kez Suriye d\u0131\u015f\u0131nda g\u00f6sterilen Suriye filmi &#8220;Kyriakos Yemini&#8221; g\u00f6sterildi. Filmde Halep \u015fehrinin ter\u00f6ristler taraf\u0131ndan ba\u015f\u0131na gelenler anlat\u0131l\u0131yor.<\/p>\n<p style=\"text-align: justify;\">Bunun yan\u0131nda da, Ter\u00f6ristlerin antik eserleri yok etmesinden kaynaklanan hasar\u0131n boyutlar\u0131n\u0131 ve Suriye ordusunun ter\u00f6r\u00fc b\u00f6lgeden uzakla\u015ft\u0131rmak i\u00e7in yapt\u0131\u011f\u0131 fedakarl\u0131klar\u0131 anlatan \u201cPalmiyelerin Kan\u0131\u201d filmi g\u00f6sterildi.<\/p>\n<p style=\"text-align: justify;\">Etkinli\u011fin ba\u015f\u0131nda yapt\u0131\u011f\u0131 ho\u015f geldin konu\u015fmas\u0131nda heyet ba\u015fkan\u0131 Ammar Avvad, bu filmlerin Suriye halk\u0131n\u0131 etkileyen ter\u00f6rizm kar\u015f\u0131s\u0131nda Suriye halk\u0131n\u0131n kimli\u011fini ve an\u0131s\u0131n\u0131 savunan Suriyeli kahramanlar\u0131n ger\u00e7ek olaylar\u0131na dayand\u0131\u011f\u0131n\u0131 do\u011frularken, iki filmin g\u00f6steriminin, K\u0131br\u0131s ve Avrupa halk\u0131n\u0131, Suriye&#8217;ye y\u00f6nelik ter\u00f6rist ve ekonomik sava\u015f\u0131n ba\u015flang\u0131c\u0131ndan bu yana ya\u015fananlar hakk\u0131nda ger\u00e7ekler hakk\u0131nda bilgilendirmek i\u00e7in bir f\u0131rsat te\u015fkil etti\u011fini vurgulad\u0131.<\/p>\n<p style=\"text-align: justify;\">Avvad ayr\u0131ca, Suriye h\u00fck\u00fcmetinin, i\u015fgal ve Amerikan ve T\u00fcrk g\u00fc\u00e7lerinin yasad\u0131\u015f\u0131 varl\u0131\u011f\u0131 ba\u015fta olmak \u00fczere t\u00fcm zorluklarla y\u00fczle\u015fmek i\u00e7in g\u00f6sterdi\u011fi \u00e7abalara dikkat \u00e7ekti.<\/p>\n<p style=\"text-align: justify;\">Etkinli\u011fe b\u00fcy\u00fckel\u00e7iler, Arap ve yabanc\u0131 \u00fclkelerin misyon ba\u015fkanlar\u0131, kordiplomasi \u00fcyeleri ve K\u0131br\u0131s&#8217;taki Ortodoks ve Ermeni kiliselerinin temsilcileri kat\u0131ld\u0131.<\/p>\n<div id='gallery-1' class='gallery galleryid-303098 gallery-columns-2 gallery-size-medium'><figure class='gallery-item'>\n\t\t\t<div class='gallery-icon landscape'>\n\t\t\t\t<a href='https:\/\/archive.sana.sy\/tr\/?attachment_id=303101'><img loading=\"lazy\" decoding=\"async\" width=\"300\" height=\"200\" src=\"https:\/\/archive.sana.sy\/tr\/wp-content\/uploads\/2024\/06\/1-9-300x200.jpg\" class=\"attachment-medium size-medium\" alt=\"\" srcset=\"https:\/\/archive.sana.sy\/tr\/wp-content\/uploads\/2024\/06\/1-9-300x200.jpg 300w, https:\/\/archive.sana.sy\/tr\/wp-content\/uploads\/2024\/06\/1-9.jpg 660w\" sizes=\"auto, (max-width: 300px) 100vw, 300px\" \/><\/a>\n\t\t\t<\/div><\/figure><figure class='gallery-item'>\n\t\t\t<div class='gallery-icon landscape'>\n\t\t\t\t<a href='https:\/\/archive.sana.sy\/tr\/?attachment_id=303102'><img loading=\"lazy\" decoding=\"async\" width=\"300\" height=\"200\" src=\"https:\/\/archive.sana.sy\/tr\/wp-content\/uploads\/2024\/06\/2-7-300x200.jpg\" class=\"attachment-medium size-medium\" alt=\"\" srcset=\"https:\/\/archive.sana.sy\/tr\/wp-content\/uploads\/2024\/06\/2-7-300x200.jpg 300w, https:\/\/archive.sana.sy\/tr\/wp-content\/uploads\/2024\/06\/2-7.jpg 660w\" sizes=\"auto, (max-width: 300px) 100vw, 300px\" \/><\/a>\n\t\t\t<\/div><\/figure>\n\t\t<\/div>\n\n<p style=\"text-align: center;\"><strong><a href=\"https:\/\/t.me\/SuriyeArapHaberAjansI\">Telegram Kanal\u0131m\u0131z\u00a0<\/a>||<a href=\"https:\/\/twitter.com\/arap_ajans\">X Platformumuz\u00a0<\/a>||<a href=\"https:\/\/www.facebook.com\/SANAHaberAjansi\/\">Facebook Sayfam\u0131z<\/a><\/strong><\/p>\n","protected":false},"excerpt":{"rendered":"<p>LEFKO\u015eA (SANA) &#8211; \u00a0K\u0131br\u0131s&#8217;taki Suriye B\u00fcy\u00fckel\u00e7ili\u011fi, Lefko\u015fa&#8217;daki K\u00fclt\u00fcr Merkezi&#8217;nde &#8220;Ter\u00f6rizme Ra\u011fmen&#8230;Suriye Medeniyetlerin Be\u015fi\u011fi Olarak Kalacak&#8221; ba\u015fl\u0131kl\u0131 bir resepsiyon ve Suriye&#8217;ye ili\u015fkin foto\u011fraf sergisinden olu\u015fan k\u00fclt\u00fcrel bir etkinlik d\u00fczenledi. Etkinlikte, uluslararas\u0131 festivallerde 20&#8217;den fazla \u00f6d\u00fcl kazanan ve ilk kez Suriye d\u0131\u015f\u0131nda g\u00f6sterilen Suriye filmi &#8220;Kyriakos Yemini&#8221; g\u00f6sterildi. Filmde Halep \u015fehrinin ter\u00f6ristler taraf\u0131ndan ba\u015f\u0131na gelenler anlat\u0131l\u0131yor. Bunun &hellip;<\/p>\n","protected":false},"author":41,"featured_media":303099,"comment_status":"closed","ping_status":"closed","sticky":false,"template":"","format":"standard","meta":{"footnotes":""},"categories":[458,459,17988],"tags":[41620,41619],"class_list":["post-303098","post","type-post","status-publish","format-standard","has-post-thumbnail","","category-dunya1","category-haberler-arap-uluslararasi-politika","category-son-haberler","tag-terore-ragmen-suriye-medeniyetlerin-besigi-olarak-kalacak-baslikli-bir-etkinlik-duzenledi","tag-kibristaki-suriye-buyukelciligi"],"_links":{"self":[{"href":"https:\/\/archive.sana.sy\/tr\/index.php?rest_route=\/wp\/v2\/posts\/303098","targetHints":{"allow":["GET"]}}],"collection":[{"href":"https:\/\/archive.sana.sy\/tr\/index.php?rest_route=\/wp\/v2\/posts"}],"about":[{"href":"https:\/\/archive.sana.sy\/tr\/index.php?rest_route=\/wp\/v2\/types\/post"}],"author":[{"embeddable":true,"href":"https:\/\/archive.sana.sy\/tr\/index.php?rest_route=\/wp\/v2\/users\/41"}],"replies":[{"embeddable":true,"href":"https:\/\/archive.sana.sy\/tr\/index.php?rest_route=%2Fwp%2Fv2%2Fcomments&post=303098"}],"version-history":[{"count":1,"href":"https:\/\/archive.sana.sy\/tr\/index.php?rest_route=\/wp\/v2\/posts\/303098\/revisions"}],"predecessor-version":[{"id":303103,"href":"https:\/\/archive.sana.sy\/tr\/index.php?rest_route=\/wp\/v2\/posts\/303098\/revisions\/303103"}],"wp:featuredmedia":[{"embeddable":true,"href":"https:\/\/archive.sana.sy\/tr\/index.php?rest_route=\/wp\/v2\/media\/303099"}],"wp:attachment":[{"href":"https:\/\/archive.sana.sy\/tr\/index.php?rest_route=%2Fwp%2Fv2%2Fmedia&parent=303098"}],"wp:term":[{"taxonomy":"category","embeddable":true,"href":"https:\/\/archive.sana.sy\/tr\/index.php?rest_route=%2Fwp%2Fv2%2Fcategories&post=303098"},{"taxonomy":"post_tag","embeddable":true,"href":"https:\/\/archive.sana.sy\/tr\/index.php?rest_route=%2Fwp%2Fv2%2Ftags&post=303098"}],"curies":[{"name":"wp","href":"https:\/\/api.w.org\/{rel}","templated":true}]}}