{"id":3031,"date":"2014-03-07T12:18:07","date_gmt":"2014-03-07T10:18:07","guid":{"rendered":"http:\/\/sanasyria.org\/tr\/?p=3031"},"modified":"2014-06-14T12:22:09","modified_gmt":"2014-06-14T09:22:09","slug":"yazici-seyyide-zeyneb-makamini-inceledi","status":"publish","type":"post","link":"https:\/\/archive.sana.sy\/tr\/?p=3031","title":{"rendered":"Yaz\u0131c\u0131 Seyyide Zeyneb Makam\u0131n\u0131 \u0130nceledi"},"content":{"rendered":"<p><span>\u015eAM \u2013<\/span> Turizm Bakan\u0131 Bu\u015fr Yaz\u0131c\u0131 ve \u015eam \u00c7evre Kent Valisi H\u00fcseyin Mahluf \u015eam k\u0131rsal\u0131n\u0131n g\u00fcneyine d\u00fc\u015fen Seyyide Zeyneb B\u00f6lgesinde Hz Peygamberin torunu Seyyide Zeyneb makam\u0131na saha gezisinde bulundu.<\/p>\n<p>Makam ve b\u00f6l\u00fcmlerini dola\u015f\u0131p incelemelerde bulunan Bakan Yaz\u0131c\u0131 turizm yerleri ve tarihi kutsall\u0131klar\u0131n korunmas\u0131 gere\u011fini belirtti.<\/p>\n<p>Seyyide Zeyneb makam\u0131n\u0131n en \u00f6nemli dini turizm merkezlerinden biri say\u0131ld\u0131\u011f\u0131na dikkat \u00e7eken Bakan Yaz\u0131c\u0131; uygarl\u0131klar ve semavi dinlerin be\u015fi\u011fi say\u0131lan Suriye&#8217;de mevcut turizm zenginliklerine vurgu yapt\u0131.<\/p>\n<p>Yaz\u0131c\u0131 bakanl\u0131\u011f\u0131n \u015eam \u00e7evre kent valili\u011fi ve ilgili di\u011fer kurumlarla birlikte Seyyide Zeyneb B\u00f6lgesinin gerekti\u011fi gibi \u00f6nemli bir dini seyahat merkezi olmas\u0131 \u00e7abalar\u0131 harcad\u0131\u011f\u0131n\u0131 a\u00e7\u0131klad\u0131.<\/p>\n<p>&nbsp;<\/p>\n","protected":false},"excerpt":{"rendered":"<p>\u015eAM \u2013 Turizm Bakan\u0131 Bu\u015fr Yaz\u0131c\u0131 ve \u015eam \u00c7evre Kent Valisi H\u00fcseyin Mahluf \u015eam k\u0131rsal\u0131n\u0131n g\u00fcneyine d\u00fc\u015fen Seyyide Zeyneb B\u00f6lgesinde Hz Peygamberin torunu Seyyide Zeyneb makam\u0131na saha gezisinde bulundu. Makam ve b\u00f6l\u00fcmlerini dola\u015f\u0131p incelemelerde bulunan Bakan Yaz\u0131c\u0131 turizm yerleri ve tarihi kutsall\u0131klar\u0131n korunmas\u0131 gere\u011fini belirtti. Seyyide Zeyneb makam\u0131n\u0131n en \u00f6nemli dini turizm merkezlerinden biri say\u0131ld\u0131\u011f\u0131na &hellip;<\/p>\n","protected":false},"author":1,"featured_media":3032,"comment_status":"closed","ping_status":"closed","sticky":false,"template":"","format":"standard","meta":{"footnotes":""},"categories":[526,525],"tags":[672],"class_list":["post-3031","post","type-post","status-publish","format-standard","has-post-thumbnail","","category-haber-ve-raporlar","category-toplum","tag-yazici-seyyide-zeyneb-makamini-inceledi"],"_links":{"self":[{"href":"https:\/\/archive.sana.sy\/tr\/index.php?rest_route=\/wp\/v2\/posts\/3031","targetHints":{"allow":["GET"]}}],"collection":[{"href":"https:\/\/archive.sana.sy\/tr\/index.php?rest_route=\/wp\/v2\/posts"}],"about":[{"href":"https:\/\/archive.sana.sy\/tr\/index.php?rest_route=\/wp\/v2\/types\/post"}],"author":[{"embeddable":true,"href":"https:\/\/archive.sana.sy\/tr\/index.php?rest_route=\/wp\/v2\/users\/1"}],"replies":[{"embeddable":true,"href":"https:\/\/archive.sana.sy\/tr\/index.php?rest_route=%2Fwp%2Fv2%2Fcomments&post=3031"}],"version-history":[{"count":0,"href":"https:\/\/archive.sana.sy\/tr\/index.php?rest_route=\/wp\/v2\/posts\/3031\/revisions"}],"wp:featuredmedia":[{"embeddable":true,"href":"https:\/\/archive.sana.sy\/tr\/index.php?rest_route=\/wp\/v2\/media\/3032"}],"wp:attachment":[{"href":"https:\/\/archive.sana.sy\/tr\/index.php?rest_route=%2Fwp%2Fv2%2Fmedia&parent=3031"}],"wp:term":[{"taxonomy":"category","embeddable":true,"href":"https:\/\/archive.sana.sy\/tr\/index.php?rest_route=%2Fwp%2Fv2%2Fcategories&post=3031"},{"taxonomy":"post_tag","embeddable":true,"href":"https:\/\/archive.sana.sy\/tr\/index.php?rest_route=%2Fwp%2Fv2%2Ftags&post=3031"}],"curies":[{"name":"wp","href":"https:\/\/api.w.org\/{rel}","templated":true}]}}