{"id":303108,"date":"2024-06-06T13:41:17","date_gmt":"2024-06-06T10:41:17","guid":{"rendered":"https:\/\/sana.sy\/tr\/?p=303108"},"modified":"2024-06-08T09:42:55","modified_gmt":"2024-06-08T06:42:55","slug":"tek-tarafli-zorlayici-yaptirimlar-suriyelileri-yasam-ve-insana-yakisir-is-hakkindan-mahrum-birakiyor","status":"publish","type":"post","link":"https:\/\/archive.sana.sy\/tr\/?p=303108","title":{"rendered":"El Muncid: Tek Tarafl\u0131 Zorlay\u0131c\u0131 Yapt\u0131r\u0131mlar Suriyelileri Ya\u015fam Ve \u0130nsana Yak\u0131\u015f\u0131r \u0130\u015f Hakk\u0131ndan Mahrum B\u0131rak\u0131yor"},"content":{"rendered":"<p style=\"text-align: justify;\"><strong>CENEVRE (SANA)<\/strong> &#8211; Sosyal \u0130\u015fler ve \u00c7al\u0131\u015fma Bakan\u0131 Luey El Muncid, halklarla ili\u015fkilerde adalet ve birle\u015fik standartlar\u0131n hakim oldu\u011fu daha parlak bir \u00e7al\u0131\u015fma gelece\u011fine haz\u0131rl\u0131k amac\u0131yla istikrar ve sosyal adaletin temellerini olu\u015fturmak amac\u0131yla ikili ve \u00e7ok tarafl\u0131 i\u015fbirli\u011finin g\u00fc\u00e7lendirilmesi ihtiyac\u0131n\u0131 vurgulad\u0131.<\/p>\n<p style=\"text-align: justify;\">Bug\u00fcn, Cenevre&#8217;deki Uluslararas\u0131 \u00c7al\u0131\u015fma Konferans\u0131&#8217;n\u0131n 112. oturumunun oturum aralar\u0131nda Asya ve Pasifik \u00fclkeleri toplant\u0131s\u0131nda yapt\u0131\u011f\u0131 konu\u015fmada, gruptaki baz\u0131 \u00fclkelerin yasad\u0131\u015f\u0131 zorlay\u0131c\u0131 tedbirlerle kar\u015f\u0131 kar\u015f\u0131ya oldu\u011funu ve buna son verilmesi i\u00e7in \u00e7al\u0131\u015fmalar yap\u0131lmas\u0131 gerekti\u011fini a\u00e7\u0131klayarak, Suriye&#8217;nin, iyi bir \u00e7al\u0131\u015fma ortam\u0131 elde etmek i\u00e7in uluslararas\u0131 \u00e7al\u0131\u015fma \u00f6rg\u00fct\u00fc taraf\u0131ndan verilen uluslararas\u0131 y\u00fck\u00fcml\u00fcl\u00fckleri benimsemeye \u00e7al\u0131\u015ft\u0131\u011f\u0131n\u0131 belirtti.<\/p>\n<p>Bakan El Muncid, \u2018\u2019 Birle\u015fmi\u015f Milletler Genel Kurulu&#8217;nun, G\u00fcvenlik Konseyi&#8217;nin ve uluslararas\u0131 toplumun t\u00fcm kararlar\u0131na ra\u011fmen Suriye&#8217;ye y\u00f6nelik ter\u00f6r sava\u015f\u0131 ve yaratt\u0131\u011f\u0131 y\u0131k\u0131m ve tek tarafl\u0131 zorlay\u0131c\u0131 tedbirlerin devam etmesi, Suriyelileri ya\u015fam ve insana yak\u0131\u015f\u0131r i\u015f hakk\u0131ndan mahrum b\u0131rak\u0131yor\u2019\u2019 dedi.<\/p>\n<p style=\"text-align: justify;\">Bakan Muncid, i\u015fgal alt\u0131ndaki Suriye Golan&#8217;\u0131n\u0131n h\u00e2l\u00e2 gasp\u00e7\u0131 \u0130srail i\u015fgali alt\u0131nda oldu\u011funu, \u0130srail&#8217;in Suriye vatanda\u015flar\u0131na y\u00f6nelik pek \u00e7ok su\u00e7 eyleminde bulundu\u011funu, onlara kar\u015f\u0131 ayr\u0131mc\u0131 uygulamalar izledi\u011fini ve onlar\u0131 topraklar\u0131nda \u00fcretken ve ekonomik projeler kurmaktan mahrum b\u0131rakt\u0131\u011f\u0131n\u0131 kaydetti.<\/p>\n<p style=\"text-align: center;\"><strong><a href=\"https:\/\/t.me\/SuriyeArapHaberAjansI\">Telegram Kanal\u0131m\u0131z\u00a0<\/a>||<a href=\"https:\/\/twitter.com\/arap_ajans\">X Platformumuz\u00a0<\/a>||<a href=\"https:\/\/www.facebook.com\/SANAHaberAjansi\/\">Facebook Sayfam\u0131z<\/a><\/strong><\/p>\n<p style=\"text-align: justify;\">\n","protected":false},"excerpt":{"rendered":"<p>CENEVRE (SANA) &#8211; Sosyal \u0130\u015fler ve \u00c7al\u0131\u015fma Bakan\u0131 Luey El Muncid, halklarla ili\u015fkilerde adalet ve birle\u015fik standartlar\u0131n hakim oldu\u011fu daha parlak bir \u00e7al\u0131\u015fma gelece\u011fine haz\u0131rl\u0131k amac\u0131yla istikrar ve sosyal adaletin temellerini olu\u015fturmak amac\u0131yla ikili ve \u00e7ok tarafl\u0131 i\u015fbirli\u011finin g\u00fc\u00e7lendirilmesi ihtiyac\u0131n\u0131 vurgulad\u0131. Bug\u00fcn, Cenevre&#8217;deki Uluslararas\u0131 \u00c7al\u0131\u015fma Konferans\u0131&#8217;n\u0131n 112. oturumunun oturum aralar\u0131nda Asya ve Pasifik \u00fclkeleri toplant\u0131s\u0131nda &hellip;<\/p>\n","protected":false},"author":41,"featured_media":303109,"comment_status":"closed","ping_status":"closed","sticky":false,"template":"","format":"standard","meta":{"footnotes":""},"categories":[479,17988,478],"tags":[41622],"class_list":["post-303108","post","type-post","status-publish","format-standard","has-post-thumbnail","","category-haberler-yerel","category-son-haberler","category-yerel","tag-bakan-muncid-sosyal-adaletin-saglanmasi-icin-ikili-ve-cok-tarafli-isbirligi-guclendirilmelidir"],"_links":{"self":[{"href":"https:\/\/archive.sana.sy\/tr\/index.php?rest_route=\/wp\/v2\/posts\/303108","targetHints":{"allow":["GET"]}}],"collection":[{"href":"https:\/\/archive.sana.sy\/tr\/index.php?rest_route=\/wp\/v2\/posts"}],"about":[{"href":"https:\/\/archive.sana.sy\/tr\/index.php?rest_route=\/wp\/v2\/types\/post"}],"author":[{"embeddable":true,"href":"https:\/\/archive.sana.sy\/tr\/index.php?rest_route=\/wp\/v2\/users\/41"}],"replies":[{"embeddable":true,"href":"https:\/\/archive.sana.sy\/tr\/index.php?rest_route=%2Fwp%2Fv2%2Fcomments&post=303108"}],"version-history":[{"count":2,"href":"https:\/\/archive.sana.sy\/tr\/index.php?rest_route=\/wp\/v2\/posts\/303108\/revisions"}],"predecessor-version":[{"id":303115,"href":"https:\/\/archive.sana.sy\/tr\/index.php?rest_route=\/wp\/v2\/posts\/303108\/revisions\/303115"}],"wp:featuredmedia":[{"embeddable":true,"href":"https:\/\/archive.sana.sy\/tr\/index.php?rest_route=\/wp\/v2\/media\/303109"}],"wp:attachment":[{"href":"https:\/\/archive.sana.sy\/tr\/index.php?rest_route=%2Fwp%2Fv2%2Fmedia&parent=303108"}],"wp:term":[{"taxonomy":"category","embeddable":true,"href":"https:\/\/archive.sana.sy\/tr\/index.php?rest_route=%2Fwp%2Fv2%2Fcategories&post=303108"},{"taxonomy":"post_tag","embeddable":true,"href":"https:\/\/archive.sana.sy\/tr\/index.php?rest_route=%2Fwp%2Fv2%2Ftags&post=303108"}],"curies":[{"name":"wp","href":"https:\/\/api.w.org\/{rel}","templated":true}]}}