{"id":303116,"date":"2024-06-06T18:43:34","date_gmt":"2024-06-06T15:43:34","guid":{"rendered":"https:\/\/sana.sy\/tr\/?p=303116"},"modified":"2024-06-08T09:43:03","modified_gmt":"2024-06-08T06:43:03","slug":"enformasyon-bakani-sana-gazetecileriyle-bulustu","status":"publish","type":"post","link":"https:\/\/archive.sana.sy\/tr\/?p=303116","title":{"rendered":"Enformasyon Bakan\u0131 SANA Gazetecileriyle Bulu\u015ftu"},"content":{"rendered":"<p style=\"text-align: justify;\"><strong>\u015eAM (SANA)<\/strong> \u2013 Enformasyon Bakan\u0131 Butrus Hallak \u00a0\u015eam&#8217;daki merkezde SANA gazetecileriyle bir araya geldi.<\/p>\n<p style=\"text-align: justify;\">Bakan Hallak SANA gazetecileriyle yapt\u0131\u011f\u0131 g\u00f6r\u00fc\u015fmede, ulusal medyan\u0131n \u00e7al\u0131\u015fmalar\u0131n\u0131n iyile\u015ftirilmesi ve medya kurumlar\u0131n\u0131n teknik ilerlemeye ayak uyduracak \u015fekilde medya ara\u00e7lar\u0131n\u0131 geli\u015ftirebilmeleri i\u00e7in desteklenmesi konular\u0131 ele al\u0131nd\u0131.<\/p>\n<p style=\"text-align: justify;\"><img loading=\"lazy\" decoding=\"async\" class=\"size-full wp-image-303118 alignright\" src=\"http:\/\/sana.sy\/tr\/wp-content\/uploads\/2024\/06\/DSC_2184-copy-300x200-1.jpg\" alt=\"\" width=\"300\" height=\"200\" \/>Ajans\u0131n gazetecileri, medyan\u0131n toplumda etkili bir rol oynamas\u0131na olanak tan\u0131yan, ulusal medya kurumlar\u0131n\u0131n bir\u00e7ok d\u00fc\u015fman partinin \u00e7e\u015fitli bi\u00e7imlerde olu\u015fturmaya \u00e7al\u0131\u015ft\u0131\u011f\u0131 umutsuzluk k\u00fclt\u00fcr\u00fcyle y\u00fczle\u015fmesine olanak tan\u0131yan uygun bir yasama ve medya ortam\u0131n\u0131n yarat\u0131lmas\u0131n\u0131n gereklili\u011fine dikkat \u00e7ekti.<\/p>\n<p style=\"text-align: justify;\">Enformasyon Bakan\u0131, t\u00fcm yan\u0131ltma giri\u015fimlerine ra\u011fmen, Suriye&#8217;ye dayat\u0131lan ter\u00f6r sava\u015f\u0131 y\u0131llar\u0131nda olaylar\u0131n gidi\u015fat\u0131n\u0131n ger\u00e7ek resmini aktarmak i\u00e7in \u015fehit ve yaral\u0131lar\u0131 aktaran Suriye medyas\u0131n\u0131n rol\u00fcne \u00f6vg\u00fcde bulundu.<\/p>\n<p style=\"text-align: justify;\">Bakan Hallak ayr\u0131ca, \u00e7\u0131kar\u0131lmakta olan yeni medya yasas\u0131n\u0131n gazetecilere nas\u0131l davran\u0131laca\u011f\u0131 konusunda yasal bir temel olu\u015fturdu\u011funu a\u00e7\u0131klarken, medyan\u0131n bir yandan ileri d\u00fczeyde \u00e7al\u0131\u015fma gereksinimleri sa\u011flaman\u0131n yan\u0131 s\u0131ra, yap\u0131 ve yap\u0131lar a\u00e7\u0131s\u0131ndan da yeni bir vizyona ihtiyac\u0131 oldu\u011funa dikkat \u00e7ekti.<\/p>\n<p style=\"text-align: justify;\">Bakan Hallak, SANA&#8217;n\u0131n t\u00fcm medya kurulu\u015flar\u0131na haber sa\u011flayan ana kaynak oldu\u011funu, normal i\u015f gereksinimlerinin kar\u015f\u0131lanmas\u0131 i\u00e7in \u00e7al\u0131\u015fmalar\u0131n\u0131n yap\u0131s\u0131 ve i\u00e7eri\u011finin s\u00fcrekli geli\u015ftirilip desteklenmesi gerekti\u011fine de dikkat \u00e7ekti.<\/p>\n<p style=\"text-align: center;\"><strong><a href=\"https:\/\/t.me\/SuriyeArapHaberAjansI\">Telegram Kanal\u0131m\u0131z\u00a0<\/a>||<a href=\"https:\/\/twitter.com\/arap_ajans\">X Platformumuz\u00a0<\/a>||<a href=\"https:\/\/www.facebook.com\/SANAHaberAjansi\/\">Facebook Sayfam\u0131z<\/a><\/strong><\/p>\n<div id='gallery-1' class='gallery galleryid-303116 gallery-columns-3 gallery-size-thumbnail'><figure class='gallery-item'>\n\t\t\t<div class='gallery-icon landscape'>\n\t\t\t\t<a href='https:\/\/archive.sana.sy\/tr\/?attachment_id=303119'><img loading=\"lazy\" decoding=\"async\" width=\"150\" height=\"150\" src=\"https:\/\/archive.sana.sy\/tr\/wp-content\/uploads\/2024\/06\/3-6-150x150.jpg\" class=\"attachment-thumbnail size-thumbnail\" alt=\"\" \/><\/a>\n\t\t\t<\/div><\/figure><figure class='gallery-item'>\n\t\t\t<div class='gallery-icon landscape'>\n\t\t\t\t<a href='https:\/\/archive.sana.sy\/tr\/?attachment_id=303120'><img loading=\"lazy\" decoding=\"async\" width=\"150\" height=\"150\" src=\"https:\/\/archive.sana.sy\/tr\/wp-content\/uploads\/2024\/06\/1-10-150x150.jpg\" class=\"attachment-thumbnail size-thumbnail\" alt=\"\" \/><\/a>\n\t\t\t<\/div><\/figure><figure class='gallery-item'>\n\t\t\t<div class='gallery-icon landscape'>\n\t\t\t\t<a href='https:\/\/archive.sana.sy\/tr\/?attachment_id=303121'><img loading=\"lazy\" decoding=\"async\" width=\"150\" height=\"150\" src=\"https:\/\/archive.sana.sy\/tr\/wp-content\/uploads\/2024\/06\/2-8-150x150.jpg\" class=\"attachment-thumbnail size-thumbnail\" alt=\"\" \/><\/a>\n\t\t\t<\/div><\/figure>\n\t\t<\/div>\n\n","protected":false},"excerpt":{"rendered":"<p>\u015eAM (SANA) \u2013 Enformasyon Bakan\u0131 Butrus Hallak \u00a0\u015eam&#8217;daki merkezde SANA gazetecileriyle bir araya geldi. Bakan Hallak SANA gazetecileriyle yapt\u0131\u011f\u0131 g\u00f6r\u00fc\u015fmede, ulusal medyan\u0131n \u00e7al\u0131\u015fmalar\u0131n\u0131n iyile\u015ftirilmesi ve medya kurumlar\u0131n\u0131n teknik ilerlemeye ayak uyduracak \u015fekilde medya ara\u00e7lar\u0131n\u0131 geli\u015ftirebilmeleri i\u00e7in desteklenmesi konular\u0131 ele al\u0131nd\u0131. Ajans\u0131n gazetecileri, medyan\u0131n toplumda etkili bir rol oynamas\u0131na olanak tan\u0131yan, ulusal medya kurumlar\u0131n\u0131n bir\u00e7ok d\u00fc\u015fman &hellip;<\/p>\n","protected":false},"author":41,"featured_media":303117,"comment_status":"closed","ping_status":"closed","sticky":false,"template":"","format":"standard","meta":{"footnotes":""},"categories":[479,17988,478],"tags":[41625,41626],"class_list":["post-303116","post","type-post","status-publish","format-standard","has-post-thumbnail","","category-haberler-yerel","category-son-haberler","category-yerel","tag-enformasyon-bakani-sana-gazetecileriyle-bulustu","tag-suriyenin-resmi-haber-ajanasi-sana"],"_links":{"self":[{"href":"https:\/\/archive.sana.sy\/tr\/index.php?rest_route=\/wp\/v2\/posts\/303116","targetHints":{"allow":["GET"]}}],"collection":[{"href":"https:\/\/archive.sana.sy\/tr\/index.php?rest_route=\/wp\/v2\/posts"}],"about":[{"href":"https:\/\/archive.sana.sy\/tr\/index.php?rest_route=\/wp\/v2\/types\/post"}],"author":[{"embeddable":true,"href":"https:\/\/archive.sana.sy\/tr\/index.php?rest_route=\/wp\/v2\/users\/41"}],"replies":[{"embeddable":true,"href":"https:\/\/archive.sana.sy\/tr\/index.php?rest_route=%2Fwp%2Fv2%2Fcomments&post=303116"}],"version-history":[{"count":4,"href":"https:\/\/archive.sana.sy\/tr\/index.php?rest_route=\/wp\/v2\/posts\/303116\/revisions"}],"predecessor-version":[{"id":303125,"href":"https:\/\/archive.sana.sy\/tr\/index.php?rest_route=\/wp\/v2\/posts\/303116\/revisions\/303125"}],"wp:featuredmedia":[{"embeddable":true,"href":"https:\/\/archive.sana.sy\/tr\/index.php?rest_route=\/wp\/v2\/media\/303117"}],"wp:attachment":[{"href":"https:\/\/archive.sana.sy\/tr\/index.php?rest_route=%2Fwp%2Fv2%2Fmedia&parent=303116"}],"wp:term":[{"taxonomy":"category","embeddable":true,"href":"https:\/\/archive.sana.sy\/tr\/index.php?rest_route=%2Fwp%2Fv2%2Fcategories&post=303116"},{"taxonomy":"post_tag","embeddable":true,"href":"https:\/\/archive.sana.sy\/tr\/index.php?rest_route=%2Fwp%2Fv2%2Ftags&post=303116"}],"curies":[{"name":"wp","href":"https:\/\/api.w.org\/{rel}","templated":true}]}}