{"id":303156,"date":"2024-06-07T05:37:04","date_gmt":"2024-06-07T02:37:04","guid":{"rendered":"https:\/\/sana.sy\/tr\/?p=303156"},"modified":"2024-06-08T09:43:06","modified_gmt":"2024-06-08T06:43:06","slug":"bolivya-devlet-baskani-nato-dunya-barisini-tehlikeye-atiyor","status":"publish","type":"post","link":"https:\/\/archive.sana.sy\/tr\/?p=303156","title":{"rendered":"Bolivya Devlet Ba\u015fkan\u0131: NATO D\u00fcnya Bar\u0131\u015f\u0131n\u0131 Tehlikeye At\u0131yor"},"content":{"rendered":"<p style=\"text-align: justify;\"><strong>ST.PETERSBURG (SANA)<\/strong> &#8211; \u00a0Bolivya Devlet Ba\u015fkan\u0131 Luis Arce, NATO&#8217;nun eylemlerinin d\u00fcnya bar\u0131\u015f\u0131n\u0131 tehlikeye att\u0131\u011f\u0131n\u0131 vurgulayarak, Latin Amerika \u00fclkelerinin \u00f6zellikle silahlanma yar\u0131\u015f\u0131 politikas\u0131nda ittifak\u0131n hedeflerini payla\u015fmad\u0131\u011f\u0131na dikkat \u00e7ekti.<\/p>\n<p style=\"text-align: justify;\">Sputnik&#8217;e g\u00f6re, Petersburg Uluslararas\u0131 Ekonomik Forumu&#8217;nun oturum aralar\u0131nda Arsi \u015funlar\u0131 s\u00f6yledi: \u201c\u00c7\u00fcnk\u00fc NATO&#8217;nun eylemleri d\u00fcnya bar\u0131\u015f\u0131n\u0131 tehlikeye at\u0131yor ve bunu sadece Avrupa&#8217;da de\u011fil, Latin Amerika&#8217;da da g\u00f6r\u00fcyoruz. \u00a0\u0130ttifak\u0131n b\u00f6lgedeki \u00e7e\u015fitli \u00fclkelerde faaliyet g\u00f6stermesini b\u00fcy\u00fck endi\u015feyle g\u00f6r\u00fcyoruz, ancak bu durum dostane olmayan bir atmosfer yarat\u0131yor.\u201d<\/p>\n<p style=\"text-align: justify;\">Arsi ayr\u0131ca, &#8220;B\u00f6lgede NATO&#8217;nun eylemleriyle ilgili endi\u015felerin oldu\u011funu d\u00fc\u015f\u00fcn\u00fcyorum, oysa bug\u00fcn gezegenin bar\u0131\u015fa ihtiyac\u0131 varken, silahlanma yar\u0131\u015f\u0131n\u0131n hedeflerini ve ittifak\u0131n askeri hedeflerini payla\u015fm\u0131yoruz&#8221; ifadesini kulland\u0131.<\/p>\n<p style=\"text-align: justify;\">Bolivya Devlet Ba\u015fkan\u0131, Latin Amerika&#8217;n\u0131n \u00fclkeler aras\u0131ndaki \u00e7at\u0131\u015fmalar\u0131n silahla de\u011fil diyalogla \u00e7\u00f6z\u00fcld\u00fc\u011f\u00fc bir d\u00fcnya b\u00f6lgesi oldu\u011funa ve NATO&#8217;nun iyi niyetli \u00fclkelere gelmedi\u011fine de dikkat \u00e7ekti.<\/p>\n<p style=\"text-align: center;\"><strong><a href=\"https:\/\/t.me\/SuriyeArapHaberAjansI\">Telegram Kanal\u0131m\u0131z\u00a0<\/a>||<a href=\"https:\/\/twitter.com\/arap_ajans\">X Platformumuz\u00a0<\/a>||<a href=\"https:\/\/www.facebook.com\/SANAHaberAjansi\/\">Facebook Sayfam\u0131z<\/a><\/strong><\/p>\n","protected":false},"excerpt":{"rendered":"<p>ST.PETERSBURG (SANA) &#8211; \u00a0Bolivya Devlet Ba\u015fkan\u0131 Luis Arce, NATO&#8217;nun eylemlerinin d\u00fcnya bar\u0131\u015f\u0131n\u0131 tehlikeye att\u0131\u011f\u0131n\u0131 vurgulayarak, Latin Amerika \u00fclkelerinin \u00f6zellikle silahlanma yar\u0131\u015f\u0131 politikas\u0131nda ittifak\u0131n hedeflerini payla\u015fmad\u0131\u011f\u0131na dikkat \u00e7ekti. Sputnik&#8217;e g\u00f6re, Petersburg Uluslararas\u0131 Ekonomik Forumu&#8217;nun oturum aralar\u0131nda Arsi \u015funlar\u0131 s\u00f6yledi: \u201c\u00c7\u00fcnk\u00fc NATO&#8217;nun eylemleri d\u00fcnya bar\u0131\u015f\u0131n\u0131 tehlikeye at\u0131yor ve bunu sadece Avrupa&#8217;da de\u011fil, Latin Amerika&#8217;da da g\u00f6r\u00fcyoruz. \u00a0\u0130ttifak\u0131n &hellip;<\/p>\n","protected":false},"author":41,"featured_media":303157,"comment_status":"closed","ping_status":"closed","sticky":false,"template":"","format":"standard","meta":{"footnotes":""},"categories":[458,459,17988],"tags":[41635],"class_list":["post-303156","post","type-post","status-publish","format-standard","has-post-thumbnail","","category-dunya1","category-haberler-arap-uluslararasi-politika","category-son-haberler","tag-bolivya-devlet-baskani-nato-dunya-barisini-tehlikeye-atiyor"],"_links":{"self":[{"href":"https:\/\/archive.sana.sy\/tr\/index.php?rest_route=\/wp\/v2\/posts\/303156","targetHints":{"allow":["GET"]}}],"collection":[{"href":"https:\/\/archive.sana.sy\/tr\/index.php?rest_route=\/wp\/v2\/posts"}],"about":[{"href":"https:\/\/archive.sana.sy\/tr\/index.php?rest_route=\/wp\/v2\/types\/post"}],"author":[{"embeddable":true,"href":"https:\/\/archive.sana.sy\/tr\/index.php?rest_route=\/wp\/v2\/users\/41"}],"replies":[{"embeddable":true,"href":"https:\/\/archive.sana.sy\/tr\/index.php?rest_route=%2Fwp%2Fv2%2Fcomments&post=303156"}],"version-history":[{"count":1,"href":"https:\/\/archive.sana.sy\/tr\/index.php?rest_route=\/wp\/v2\/posts\/303156\/revisions"}],"predecessor-version":[{"id":303158,"href":"https:\/\/archive.sana.sy\/tr\/index.php?rest_route=\/wp\/v2\/posts\/303156\/revisions\/303158"}],"wp:featuredmedia":[{"embeddable":true,"href":"https:\/\/archive.sana.sy\/tr\/index.php?rest_route=\/wp\/v2\/media\/303157"}],"wp:attachment":[{"href":"https:\/\/archive.sana.sy\/tr\/index.php?rest_route=%2Fwp%2Fv2%2Fmedia&parent=303156"}],"wp:term":[{"taxonomy":"category","embeddable":true,"href":"https:\/\/archive.sana.sy\/tr\/index.php?rest_route=%2Fwp%2Fv2%2Fcategories&post=303156"},{"taxonomy":"post_tag","embeddable":true,"href":"https:\/\/archive.sana.sy\/tr\/index.php?rest_route=%2Fwp%2Fv2%2Ftags&post=303156"}],"curies":[{"name":"wp","href":"https:\/\/api.w.org\/{rel}","templated":true}]}}