{"id":303165,"date":"2024-06-07T17:29:40","date_gmt":"2024-06-07T14:29:40","guid":{"rendered":"https:\/\/sana.sy\/tr\/?p=303165"},"modified":"2024-06-09T11:44:25","modified_gmt":"2024-06-09T08:44:25","slug":"gazze-medya-ofisi-uluslararasi-topluma-isgalin-barinma-merkezlerine-karsi-isledigi-suclari-durdurma-cagrisinda-bulundu","status":"publish","type":"post","link":"https:\/\/archive.sana.sy\/tr\/?p=303165","title":{"rendered":"Gazze Medya Ofisi, Uluslararas\u0131 Topluma \u0130\u015fgalin Bar\u0131nma Merkezlerine Kar\u015f\u0131 \u0130\u015fledi\u011fi Su\u00e7lar\u0131 Durdurma \u00c7a\u011fr\u0131s\u0131nda Bulundu"},"content":{"rendered":"<p style=\"text-align: justify;\"><strong>\u0130\u015eGAL ED\u0130LEN KUD\u00dcS (SANA) &#8211;<\/strong>\u00a0 Gazze Medya Ofisi, uluslararas\u0131 topluma, felaketin ya\u015fand\u0131\u011f\u0131 Gazze \u015eeridi&#8217;nde yerlerinden edilmi\u015f Filistinlilerle dolu bar\u0131nak merkezlerine kar\u015f\u0131 \u0130srail&#8217;in devam eden i\u015fgal su\u00e7lar\u0131n\u0131 durdurma \u00e7a\u011fr\u0131s\u0131nda bulundu.<\/p>\n<p style=\"text-align: justify;\">Ofis, bug\u00fcn yapt\u0131\u011f\u0131 a\u00e7\u0131klamada, yerinden edilmi\u015f ki\u015filerle dolu bar\u0131nak merkezlerinin sistematik olarak bombalanmas\u0131n\u0131n, i\u015fgalin uluslararas\u0131 insanc\u0131l hukuk kurallar\u0131n\u0131n bu merkezler i\u00e7in dayatt\u0131\u011f\u0131 korumaya kar\u015f\u0131 kay\u0131ts\u0131zl\u0131\u011f\u0131n\u0131n a\u00e7\u0131k bir kan\u0131t\u0131 oldu\u011funu vurgulayarak, i\u015fgal g\u00fc\u00e7lerinin, Nuseyrat kamp\u0131ndaki bir ba\u015fka UNRWA okuluna kar\u015f\u0131 yapt\u0131klar\u0131 katliamdan bir g\u00fcn sonra, Gazze \u015fehrinin bat\u0131s\u0131ndaki Sahil kamp\u0131nda yerinden edilmi\u015f ki\u015filerin bar\u0131nd\u0131\u011f\u0131 bir UNRWA okulunu hedef almas\u0131n\u0131 k\u0131nad\u0131\u011f\u0131n\u0131 ifade etti.<\/p>\n<p style=\"text-align: justify;\">Ofis ayr\u0131ca, i\u015fgalin bug\u00fcn hedef ald\u0131\u011f\u0131 yerinden edilmi\u015flere y\u00f6nelik okulun, f\u00fczeler, tank mermileri veya toplarla bombalad\u0131\u011f\u0131, yerinden edilmi\u015flerin bar\u0131nd\u0131\u011f\u0131 toplam bar\u0131nma merkezi say\u0131s\u0131 aras\u0131nda 150&#8217;inci s\u0131rada yer ald\u0131\u011f\u0131n\u0131 belirterek, ABD&#8217;nin, etkilenen b\u00f6lgedeki insanlara kar\u015f\u0131 i\u015fledi\u011fi sava\u015f su\u00e7lar\u0131nda i\u015fgalci \u0130srail&#8217;in\u00a0 orta\u011f\u0131 oldu\u011funu kaydetti.<\/p>\n<p style=\"text-align: justify;\">Ofis yat\u0131\u011f\u0131 a\u00e7\u0131klamada da, Uluslararas\u0131 Ceza Mahkemesi&#8217;ni bu su\u00e7lara kar\u015f\u0131 pratik yasal ad\u0131mlar atmaya, Uluslararas\u0131 Adalet Divan\u0131&#8217;n\u0131 da bu sald\u0131r\u0131y\u0131 durdurmaya ve i\u015fgali ve onun yetkililerini sald\u0131r\u0131n\u0131n ba\u015flang\u0131c\u0131ndan bu yana i\u015flenen t\u00fcm su\u00e7lardan dolay\u0131 k\u0131namaya y\u00f6nelik bir yarg\u0131 karar\u0131 \u00e7\u0131karmaya \u00e7a\u011f\u0131rd\u0131.<\/p>\n<p style=\"text-align: center;\"><strong><a href=\"https:\/\/t.me\/SuriyeArapHaberAjansI\">Telegram Kanal\u0131m\u0131z\u00a0<\/a>||<a href=\"https:\/\/twitter.com\/arap_ajans\">X Platformumuz\u00a0<\/a>||<a href=\"https:\/\/www.facebook.com\/SANAHaberAjansi\/\">Facebook Sayfam\u0131z<\/a><\/strong><\/p>\n","protected":false},"excerpt":{"rendered":"<p>\u0130\u015eGAL ED\u0130LEN KUD\u00dcS (SANA) &#8211;\u00a0 Gazze Medya Ofisi, uluslararas\u0131 topluma, felaketin ya\u015fand\u0131\u011f\u0131 Gazze \u015eeridi&#8217;nde yerlerinden edilmi\u015f Filistinlilerle dolu bar\u0131nak merkezlerine kar\u015f\u0131 \u0130srail&#8217;in devam eden i\u015fgal su\u00e7lar\u0131n\u0131 durdurma \u00e7a\u011fr\u0131s\u0131nda bulundu. Ofis, bug\u00fcn yapt\u0131\u011f\u0131 a\u00e7\u0131klamada, yerinden edilmi\u015f ki\u015filerle dolu bar\u0131nak merkezlerinin sistematik olarak bombalanmas\u0131n\u0131n, i\u015fgalin uluslararas\u0131 insanc\u0131l hukuk kurallar\u0131n\u0131n bu merkezler i\u00e7in dayatt\u0131\u011f\u0131 korumaya kar\u015f\u0131 kay\u0131ts\u0131zl\u0131\u011f\u0131n\u0131n a\u00e7\u0131k &hellip;<\/p>\n","protected":false},"author":41,"featured_media":303166,"comment_status":"closed","ping_status":"closed","sticky":false,"template":"","format":"standard","meta":{"footnotes":""},"categories":[458,459,17988],"tags":[41637,40122,41639,41638],"class_list":["post-303165","post","type-post","status-publish","format-standard","has-post-thumbnail","","category-dunya1","category-haberler-arap-uluslararasi-politika","category-son-haberler","tag-gazze-medya-ofisi","tag-gazzede-son-durum","tag-gazzede-son-gelmeler","tag-uluslararasi-topluma-isgalin-barinma-merkezlerine-karsi-isledigi-suclari-durdurma-cagrisinda-bulundu"],"_links":{"self":[{"href":"https:\/\/archive.sana.sy\/tr\/index.php?rest_route=\/wp\/v2\/posts\/303165","targetHints":{"allow":["GET"]}}],"collection":[{"href":"https:\/\/archive.sana.sy\/tr\/index.php?rest_route=\/wp\/v2\/posts"}],"about":[{"href":"https:\/\/archive.sana.sy\/tr\/index.php?rest_route=\/wp\/v2\/types\/post"}],"author":[{"embeddable":true,"href":"https:\/\/archive.sana.sy\/tr\/index.php?rest_route=\/wp\/v2\/users\/41"}],"replies":[{"embeddable":true,"href":"https:\/\/archive.sana.sy\/tr\/index.php?rest_route=%2Fwp%2Fv2%2Fcomments&post=303165"}],"version-history":[{"count":3,"href":"https:\/\/archive.sana.sy\/tr\/index.php?rest_route=\/wp\/v2\/posts\/303165\/revisions"}],"predecessor-version":[{"id":303169,"href":"https:\/\/archive.sana.sy\/tr\/index.php?rest_route=\/wp\/v2\/posts\/303165\/revisions\/303169"}],"wp:featuredmedia":[{"embeddable":true,"href":"https:\/\/archive.sana.sy\/tr\/index.php?rest_route=\/wp\/v2\/media\/303166"}],"wp:attachment":[{"href":"https:\/\/archive.sana.sy\/tr\/index.php?rest_route=%2Fwp%2Fv2%2Fmedia&parent=303165"}],"wp:term":[{"taxonomy":"category","embeddable":true,"href":"https:\/\/archive.sana.sy\/tr\/index.php?rest_route=%2Fwp%2Fv2%2Fcategories&post=303165"},{"taxonomy":"post_tag","embeddable":true,"href":"https:\/\/archive.sana.sy\/tr\/index.php?rest_route=%2Fwp%2Fv2%2Ftags&post=303165"}],"curies":[{"name":"wp","href":"https:\/\/api.w.org\/{rel}","templated":true}]}}