{"id":303170,"date":"2024-06-08T09:45:22","date_gmt":"2024-06-08T06:45:22","guid":{"rendered":"https:\/\/sana.sy\/tr\/?p=303170"},"modified":"2024-06-09T11:29:35","modified_gmt":"2024-06-09T08:29:35","slug":"aksa-tufani-operasyonu-bugunun-en-one-cikan-gelismeleri-158","status":"publish","type":"post","link":"https:\/\/archive.sana.sy\/tr\/?p=303170","title":{"rendered":"Aksa Tufan\u0131 Operasyonu\u2026 Bug\u00fcn\u00fcn En \u00d6ne \u00c7\u0131kan Geli\u015fmeleri"},"content":{"rendered":"<p style=\"text-align: justify;\"><strong>\u0130\u015eGAL ED\u0130LEN KUD\u00dcS (SANA) \u2013\u00a0<\/strong>Filistin direni\u015finin i\u015fgalci \u0130srail\u2019in sald\u0131rganl\u0131\u011f\u0131na yan\u0131t olarak 7 Ekim\u2019de ba\u015flatt\u0131\u011f\u0131 Aksa Tufan\u0131 Operasyonu\u2019nda \u00f6ne \u00e7\u0131kan geli\u015fmeler:<\/p>\n<ul>\n<li style=\"text-align: justify;\">Filistin Sa\u011fl\u0131k Bakanl\u0131\u011f\u0131: Ge\u00e7en Ekim ay\u0131n\u0131n yedisinden bu yana devam eden \u0130srail sald\u0131rganl\u0131\u011f\u0131n\u0131n kurbanlar\u0131n\u0131n say\u0131s\u0131 36.801 \u015fehit ve 83.680 yaral\u0131ya y\u00fckseldi.<\/li>\n<li style=\"text-align: justify;\">Filistin Sa\u011fl\u0131k Bakanl\u0131\u011f\u0131: \u0130srail i\u015fgali son saatlerde Gazze \u015eeridi&#8217;nde 5 katliam ger\u00e7ekle\u015ftirerek 70 \u015fehit ve 150 yaral\u0131 b\u0131rakt\u0131.<\/li>\n<li style=\"text-align: justify;\">Filistin medyas\u0131: \u0130srail&#8217;in i\u015fgalcilerin Gazze \u015eeridi&#8217;nin merkezindeki Nuseyrat kamp\u0131 ve \u00e7e\u015fitli b\u00f6lgeleri bombalamas\u0131 sonucu en az 47 \u015fehit ve onlarca yaral\u0131.<\/li>\n<li style=\"text-align: justify;\">Filistin medyas\u0131: \u0130srail&#8217;in Gazze \u015eeridi&#8217;nin merkezindeki Mescid-i Aksa Hastanesi \u00e7evresini i\u015fgalci bombard\u0131man\u0131 sonucu en az 30 \u015fehit ve \u00e7ok say\u0131da yaral\u0131.<\/li>\n<li style=\"text-align: justify;\">Filistin direni\u015fi, g\u00fcney Gazze \u015eeridi&#8217;ndeki Refah \u015fehrinin bat\u0131s\u0131nda bir evde saklanan Siyonist g\u00fcc\u00fc makineli t\u00fcfekler ve g\u00fc\u00e7lendirilmi\u015f TBG mermisiyle hedef ald\u0131 ve \u00fcyelerini \u00f6ld\u00fcrd\u00fc ve yaralad\u0131.<\/li>\n<li style=\"text-align: justify;\">Filistin medyas\u0131: \u0130srail i\u015fgalinin Gazze \u015eeridi&#8217;nin merkezindeki evleri bombalamas\u0131 sonucu 15 \u015fehit ve onlarca yaral\u0131.<\/li>\n<li style=\"text-align: justify;\">Filistin direni\u015fi, Gazze \u015eeridi&#8217;nin merkezindeki Deir al-Balah&#8217;\u0131n do\u011fusunda Siyonist d\u00fc\u015fman askerlerinin topland\u0131\u011f\u0131 havan toplar\u0131n\u0131 hedef ald\u0131 ve do\u011frudan \u00f6l\u00fcmlere yol a\u00e7t\u0131.<\/li>\n<li style=\"text-align: justify;\">Filistin medyas\u0131: \u0130srail i\u015fgalinin Gazze \u015eeridi&#8217;nin merkezindeki Deyir El Balah&#8217;taki Mescid-i Aksa \u015eehitleri Hastanesi civar\u0131n\u0131 bombalamas\u0131nda \u015fehitler ve yaral\u0131lar.<\/li>\n<li style=\"text-align: justify;\">Filistin direni\u015fi, Gazze \u015eeridi&#8217;nin g\u00fcneyindeki Refah \u015fehrinin do\u011fusunda Siyonist m\u00fchendislik g\u00fcc\u00fcnde \u00f6nceden haz\u0131rlanm\u0131\u015f bir may\u0131n tarlas\u0131n\u0131 patlatarak \u00fcyelerini \u00f6l\u00fc veya yaral\u0131 b\u0131rakt\u0131.<\/li>\n<li style=\"text-align: justify;\"><a href=\"https:\/\/www.sana.sy\/tr\/?p=303194\">Gazze&#8217;deki sald\u0131rganl\u0131k 246&#8217;nc\u0131 g\u00fcn\u00fcne girerken 11 \u015fehit ve onlarca yaral\u0131 var.<\/a><\/li>\n<li style=\"text-align: justify;\">Filistin medyas\u0131: \u0130srail&#8217;in Gazze&#8217;de bir evi bombalamas\u0131 sonucu 4 \u015fehit ve en az 8&#8217;i \u00e7ocuk 14 ki\u015fi yaraland\u0131.<\/li>\n<li style=\"text-align: justify;\">Filistin medyas\u0131: \u0130srail i\u015fgalinin Gazze \u015eeridi&#8217;nin merkezindeki Bureij kamp\u0131ndaki bir evi bombalamas\u0131 sonucu 6 \u015fehit ve \u00e7ok say\u0131da yaral\u0131.<\/li>\n<\/ul>\n<p style=\"text-align: center;\"><strong><a href=\"https:\/\/t.me\/SuriyeArapHaberAjansI\">Telegram Kanal\u0131m\u0131z\u00a0<\/a>||<a href=\"https:\/\/twitter.com\/arap_ajans\">X Platformumuz\u00a0<\/a>||<a href=\"https:\/\/www.facebook.com\/SANAHaberAjansi\/\">Facebook Sayfam\u0131z<\/a><\/strong><\/p>\n","protected":false},"excerpt":{"rendered":"<p>\u0130\u015eGAL ED\u0130LEN KUD\u00dcS (SANA) \u2013\u00a0Filistin direni\u015finin i\u015fgalci \u0130srail\u2019in sald\u0131rganl\u0131\u011f\u0131na yan\u0131t olarak 7 Ekim\u2019de ba\u015flatt\u0131\u011f\u0131 Aksa Tufan\u0131 Operasyonu\u2019nda \u00f6ne \u00e7\u0131kan geli\u015fmeler: Filistin Sa\u011fl\u0131k Bakanl\u0131\u011f\u0131: Ge\u00e7en Ekim ay\u0131n\u0131n yedisinden bu yana devam eden \u0130srail sald\u0131rganl\u0131\u011f\u0131n\u0131n kurbanlar\u0131n\u0131n say\u0131s\u0131 36.801 \u015fehit ve 83.680 yaral\u0131ya y\u00fckseldi. Filistin Sa\u011fl\u0131k Bakanl\u0131\u011f\u0131: \u0130srail i\u015fgali son saatlerde Gazze \u015eeridi&#8217;nde 5 katliam ger\u00e7ekle\u015ftirerek 70 \u015fehit &hellip;<\/p>\n","protected":false},"author":36,"featured_media":303171,"comment_status":"closed","ping_status":"closed","sticky":false,"template":"","format":"standard","meta":{"footnotes":""},"categories":[458,459,17988],"tags":[40813],"class_list":["post-303170","post","type-post","status-publish","format-standard","has-post-thumbnail","","category-dunya1","category-haberler-arap-uluslararasi-politika","category-son-haberler","tag-aksa-tufani-operasyonu-bugunun-en-one-cikan-gelismeleri"],"_links":{"self":[{"href":"https:\/\/archive.sana.sy\/tr\/index.php?rest_route=\/wp\/v2\/posts\/303170","targetHints":{"allow":["GET"]}}],"collection":[{"href":"https:\/\/archive.sana.sy\/tr\/index.php?rest_route=\/wp\/v2\/posts"}],"about":[{"href":"https:\/\/archive.sana.sy\/tr\/index.php?rest_route=\/wp\/v2\/types\/post"}],"author":[{"embeddable":true,"href":"https:\/\/archive.sana.sy\/tr\/index.php?rest_route=\/wp\/v2\/users\/36"}],"replies":[{"embeddable":true,"href":"https:\/\/archive.sana.sy\/tr\/index.php?rest_route=%2Fwp%2Fv2%2Fcomments&post=303170"}],"version-history":[{"count":6,"href":"https:\/\/archive.sana.sy\/tr\/index.php?rest_route=\/wp\/v2\/posts\/303170\/revisions"}],"predecessor-version":[{"id":303225,"href":"https:\/\/archive.sana.sy\/tr\/index.php?rest_route=\/wp\/v2\/posts\/303170\/revisions\/303225"}],"wp:featuredmedia":[{"embeddable":true,"href":"https:\/\/archive.sana.sy\/tr\/index.php?rest_route=\/wp\/v2\/media\/303171"}],"wp:attachment":[{"href":"https:\/\/archive.sana.sy\/tr\/index.php?rest_route=%2Fwp%2Fv2%2Fmedia&parent=303170"}],"wp:term":[{"taxonomy":"category","embeddable":true,"href":"https:\/\/archive.sana.sy\/tr\/index.php?rest_route=%2Fwp%2Fv2%2Fcategories&post=303170"},{"taxonomy":"post_tag","embeddable":true,"href":"https:\/\/archive.sana.sy\/tr\/index.php?rest_route=%2Fwp%2Fv2%2Ftags&post=303170"}],"curies":[{"name":"wp","href":"https:\/\/api.w.org\/{rel}","templated":true}]}}