{"id":303173,"date":"2024-06-08T11:30:23","date_gmt":"2024-06-08T08:30:23","guid":{"rendered":"https:\/\/sana.sy\/tr\/?p=303173"},"modified":"2024-06-08T11:30:23","modified_gmt":"2024-06-08T08:30:23","slug":"303173","status":"publish","type":"post","link":"https:\/\/archive.sana.sy\/tr\/?p=303173","title":{"rendered":""},"content":{"rendered":"<p><strong>\u015eAM\u00a0 (SANA) \u2013 <\/strong>Ordu ve Silahl\u0131 Kuvvetler Genel Komutanl\u0131\u011f\u0131, yedek subaylar\u0131n g\u00f6reve \u00e7a\u011fr\u0131lmas\u0131na son veren, yedek subay ve personelin g\u00f6revden al\u0131nmas\u0131na ve g\u00f6reve \u00e7a\u011fr\u0131lmas\u0131na son veren, k\u0131rk ya\u015f\u0131n\u0131 dolduranlar\u0131n ihra\u00e7lar\u0131na ili\u015fkin idari emir yay\u0131nlad\u0131.<\/p>\n<p>1- 30\/06\/2024 tarihi olmak \u00fczere 1 y\u0131l ve daha fazla fiili yedek hizmetini tamamlayan herkesin yedek subay (\u00e7a\u011f\u0131r\u0131l\u0131p kat\u0131lanlar\u0131n) g\u00f6reve \u00e7a\u011fr\u0131lmas\u0131\u00a0 1\/07\/2024 tarihinden itibaren sona erecektir.<\/p>\n<p>2- 30\/06\/2024\u00a0 tarihine kadar alt\u0131 y\u0131l ve daha fazla aktif yedek hizmetini tamamlayanlar\u0131n, subay ve yedek personelin (al\u0131konulan ve yedek hizmete \u00e7a\u011f\u0131r\u0131lanlar\u0131n) g\u00f6reve al\u0131nmalar\u0131 ve g\u00f6reve \u00e7a\u011fr\u0131lmalar\u0131 1\/07\/2024 tarihinden itibaren sona erecektir.<\/p>\n<p>3- 30\/06\/2024\u00a0 tarihine kadar K\u0131rk ya\u015f\u0131n\u0131 doldurmu\u015f ve iki y\u0131l veya daha fazla memurluk s\u00fcresini doldurmu\u015f herkesin, memur ve yedek personelin (al\u0131konulan ve kat\u0131lanlar\u0131n) g\u00f6reve al\u0131nmalar\u0131 ve g\u00f6reve \u00e7a\u011fr\u0131lmalar\u0131 1\/07\/2024 tarihinden itibaren sona erecektir ve k\u0131rk ya\u015f\u0131n\u0131 doldurup iki y\u0131ll\u0131k fiili yedek hizmetini tamamlayanlar\u0131n m\u00fcteakip g\u00f6reve \u00e7a\u011fr\u0131lmalar\u0131 sona erecektir.<\/p>\n<p style=\"text-align: center;\"><strong><a href=\"https:\/\/t.me\/SuriyeArapHaberAjansI\">Telegram Kanal\u0131m\u0131z\u00a0<\/a>||<a href=\"https:\/\/twitter.com\/arap_ajans\">X Platformumuz\u00a0<\/a>||<a href=\"https:\/\/www.facebook.com\/SANAHaberAjansi\/\">Facebook Sayfam\u0131z<\/a><\/strong><\/p>\n","protected":false},"excerpt":{"rendered":"<p>\u015eAM\u00a0 (SANA) \u2013 Ordu ve Silahl\u0131 Kuvvetler Genel Komutanl\u0131\u011f\u0131, yedek subaylar\u0131n g\u00f6reve \u00e7a\u011fr\u0131lmas\u0131na son veren, yedek subay ve personelin g\u00f6revden al\u0131nmas\u0131na ve g\u00f6reve \u00e7a\u011fr\u0131lmas\u0131na son veren, k\u0131rk ya\u015f\u0131n\u0131 dolduranlar\u0131n ihra\u00e7lar\u0131na ili\u015fkin idari emir yay\u0131nlad\u0131. 1- 30\/06\/2024 tarihi olmak \u00fczere 1 y\u0131l ve daha fazla fiili yedek hizmetini tamamlayan herkesin yedek subay (\u00e7a\u011f\u0131r\u0131l\u0131p kat\u0131lanlar\u0131n) g\u00f6reve \u00e7a\u011fr\u0131lmas\u0131\u00a0 &hellip;<\/p>\n","protected":false},"author":36,"featured_media":0,"comment_status":"closed","ping_status":"closed","sticky":false,"template":"","format":"standard","meta":{"footnotes":""},"categories":[1],"tags":[],"class_list":["post-303173","post","type-post","status-publish","format-standard","","category-news-not-sorted"],"_links":{"self":[{"href":"https:\/\/archive.sana.sy\/tr\/index.php?rest_route=\/wp\/v2\/posts\/303173","targetHints":{"allow":["GET"]}}],"collection":[{"href":"https:\/\/archive.sana.sy\/tr\/index.php?rest_route=\/wp\/v2\/posts"}],"about":[{"href":"https:\/\/archive.sana.sy\/tr\/index.php?rest_route=\/wp\/v2\/types\/post"}],"author":[{"embeddable":true,"href":"https:\/\/archive.sana.sy\/tr\/index.php?rest_route=\/wp\/v2\/users\/36"}],"replies":[{"embeddable":true,"href":"https:\/\/archive.sana.sy\/tr\/index.php?rest_route=%2Fwp%2Fv2%2Fcomments&post=303173"}],"version-history":[{"count":1,"href":"https:\/\/archive.sana.sy\/tr\/index.php?rest_route=\/wp\/v2\/posts\/303173\/revisions"}],"predecessor-version":[{"id":303174,"href":"https:\/\/archive.sana.sy\/tr\/index.php?rest_route=\/wp\/v2\/posts\/303173\/revisions\/303174"}],"wp:attachment":[{"href":"https:\/\/archive.sana.sy\/tr\/index.php?rest_route=%2Fwp%2Fv2%2Fmedia&parent=303173"}],"wp:term":[{"taxonomy":"category","embeddable":true,"href":"https:\/\/archive.sana.sy\/tr\/index.php?rest_route=%2Fwp%2Fv2%2Fcategories&post=303173"},{"taxonomy":"post_tag","embeddable":true,"href":"https:\/\/archive.sana.sy\/tr\/index.php?rest_route=%2Fwp%2Fv2%2Ftags&post=303173"}],"curies":[{"name":"wp","href":"https:\/\/api.w.org\/{rel}","templated":true}]}}